{"id":7180,"date":"2019-05-30T10:48:16","date_gmt":"2019-05-30T13:48:16","guid":{"rendered":"http:\/\/www.amstedmaxion.com.br\/?p=7180"},"modified":"2019-05-30T10:48:16","modified_gmt":"2019-05-30T13:48:16","slug":"governo-de-ms-busca-viabilizar-ferrovia-oeste-para-consolidar-projeto-a-transamericana","status":"publish","type":"post","link":"https:\/\/www.amstedmaxion.com.br\/en\/governo-de-ms-busca-viabilizar-ferrovia-oeste-para-consolidar-projeto-a-transamericana\/","title":{"rendered":"Governo de MS busca viabilizar ferrovia Oeste para consolidar projeto a TransAmericana"},"content":{"rendered":"<p>Al\u00e9m do entusiasmo do governador Reinaldo Azambuja e do setor privado, o governador Jo\u00e3o Doria deve somar esfor\u00e7os no cen\u00e1rio nacional.<\/p>\n<p>Mato Grosso do Sul vai unir for\u00e7as com os estados de S\u00e3o Paulo e do Centro -Oeste para viabilizar o projeto da ferrovia Oeste e, consequentemente, dar musculatura para consolidar a de vez o plano de implanta\u00e7\u00e3o da malha ferrovi\u00e1ria TransAmericana. Nesta quarta-feira (29), em S\u00e3o Paulo, o governador Reinaldo Azambuja \u2013 acompanhado dos secret\u00e1rios Eduardo Riedel (Segov) e Jaime Verruck (Semagro) \u2013 se reuniu com o CEO da empresa Rumo Log\u00edstica, J\u00falio Fontana, e discutiu estrat\u00e9gia para efetivar o plano da ferrovia que vai unir os oceanos Atl\u00e2ntico e Pac\u00edfico. \u201d A reuni\u00e3o foi um passo importante porque o J\u00falio (Fontana) \u00e9 o CEO do projeto da TransAmericana e hoje eu vi nele um grande otimismo, conseguimos enxergar mais de perto a  realiza\u00e7\u00e3o da revitaliza\u00e7\u00e3o deste modal que passa por Mato Grosso do Sul\u201d, explicou o governador.<\/p>\n<p>Al\u00e9m do entusiasmo do governador Reinaldo Azambuja e do setor privado, o governador Jo\u00e3o Doria deve somar esfor\u00e7os no cen\u00e1rio nacional. Ele j\u00e1 galga a realiza\u00e7\u00e3o da reconstru\u00e7\u00e3o da ferrovia Paulista e deve compor o grupo para que a ferrovia Oeste, que Mairinque (SP) \u00e0 Corumb\u00e1, entre na agenda do Minist\u00e9rio da Infraestrutura. \u201cVamos busca na agenda com o ministro Tarc\u00edsio (Infraestrutura) a inclus\u00e3o da ferrovia Oeste na PPI (Programa de Parceria de Investimentos), vislumbrando a realiza\u00e7\u00e3o posterior da Transamericana\u201d, completou.     <\/p>\n<p>O ministro da Infraestrutura Tarc\u00edsio Gomes de Freitas j\u00e1 reconheceu a import\u00e2ncia de efetivar a ferrovia, segundo o governador, o ministro fez compromisso de colocar a malha Oeste na PPI e dar viabilidade aos investimentos. \u201cA retomada da ferrovia, transportando riquezas do nosso Estado, melhorando e agregando valores aos nossos produtos \u00e9 fundamental, mais do que nunca devemos ter uma composi\u00e7\u00e3o definitiva de uma restrutura\u00e7\u00e3o de toda essa malha Oeste que atravessa Mato Grosso do Sul de Tr\u00eas Lagoas a Corumb\u00e1, por\u00e9m \u00e9 mais do isso, significa a realiza\u00e7\u00e3o da TransAmericana que vai interligar os oceanos passando pelo nosso Estado. Ent\u00e3o \u00e9 um ambiente comum de apoio que eu tenho certeza que os governos de S\u00e3o Paulo, Mato Grosso e demais estados do Centro-Oeste v\u00e3o somar para que a gente tenha esse modal conclu\u00eddo\u201d. <\/p>\n<p>Segundo o governador sul-mato-grossense, a integra\u00e7\u00e3o do Brasil com a Bol\u00edvia, Peru, Argentina e Chile por meio desta estrada pode acontecer em breve. \u201cConseguimos avan\u00e7ar no que se refere a efetiva\u00e7\u00e3o do projeto porque temos hoje uma organiza\u00e7\u00e3o, houve o cuidado de um planejamento e  vejo que nos pr\u00f3ximos meses teremos boas not\u00edcias\u201d, finalizou.<\/p>\n<p>O secret\u00e1rio de Estado de Meio Ambiente, Desenvolvimento Econ\u00f4mico, Produ\u00e7\u00e3o e Agricultura Familiar, Jaime Verruck, explicou que o Estado est\u00e1 dando continuidade na estrat\u00e9gia de desenvolvimento com investimento em log\u00edstica, mas salientou que o projeto atual est\u00e1 dentro de um escopo completamente diferente e muito maior. \u201cDentro dessa estrutura de Portos, Rota Bioce\u00e2nica, investimento nas rodovias internas do Estado por meio do Fundersul, n\u00f3s temos como foco restabelecer a malha Oeste que \u00e9 a nossa antiga ferrovia que liga Mairinque (SP) a Corumb\u00e1, por\u00e9m hoje o conceito \u00e9 muito mais amplo, focamos na ferrovia TransAmericana que servir\u00e1 para integrar o pac\u00edfico ao Atl\u00e2ntico\u201d, pontuou.<\/p>\n<p>Transamericana<br \/>\nO projeto da ferrovia transamericana vai interligar os oceanos e agregar valores econ\u00f4micos e de desenvolvimento para os cinco pa\u00edses. A malha, segundo o governador Reinaldo Azambuja, \u00e9 de extrema import\u00e2ncia tamb\u00e9m para os Estado de S\u00e3o Paulo, pois o projeto inicia no Porto de Santos (SP) e vai at\u00e9 os portos do Pac\u00edfico, tanto no Chile como no Peru.  \u201c\u00c9 um projeto priorit\u00e1rio para o Governo que temos dedicado muito esfor\u00e7o porque entendemos que \u00e9 fundamental. A ferrovia n\u00e3o \u00e9 apenas forma de escoamento, mas um projeto de integra\u00e7\u00e3o e eixos de desenvolvimento dos pa\u00edses, agregando outros valores\u201d. disse Jaime Verruck.<\/p>\n<p>Parcerias e investimentos<br \/>\nA comitiva sul-mato-grossense tamb\u00e9m visitou o empres\u00e1rio Benjamin Steinbruch, presidente da Companhia Sider\u00fargica Nacional. Dentro da pol\u00edtica de atra\u00e7\u00e3o de investimentos, o governador Reinaldo Azambuja e os secret\u00e1rios apresentaram possibilidade de neg\u00f3cios com o Estado. \u201cBenjamin j\u00e1 atua em Mato Grosso do Sul atrav\u00e9s da pecu\u00e1ria, tem mais de 45 mil funcion\u00e1rio em todos Brasil e tem uma s\u00e9rie de interesses, atua na \u00e1rea de energia, siderurgia, por isso apresentamos as pol\u00edticas do Estado e os potencias para atrair investimentos\u201d, disse Verrukc<\/p>\n<p>Para o secret\u00e1rio de Governo e Gest\u00e3o estrat\u00e9gica, as agenda em S\u00e3o Paulo foram extremamente importantes por tratarem do desenvolvimento do Estado. \u201cO governador liderou uma discuss\u00e3o dentro de um ambiente de neg\u00f3cios prop\u00edcios onde os principais atores estavam presentes, investidores interessados de uma maneira geral\u201d, disse sobre a participa\u00e7\u00e3o do Estado no F\u00f3rum da Revista Exame que debateu PPP (Parceria P\u00fablico Privado)e Concess\u00e3o.<\/p>\n<p>Ele tamb\u00e9m ressaltou que as agendas foram bastante pragm\u00e1ticas, objetiva e de desdobramento importante de a\u00e7\u00e3o. \u201cA\u00e7\u00f5es conjuntas oram articuladas com assertividade muito grande em termos de resultado\u201d, concluiu.<\/p>\n<p>Participaram tamb\u00e9m da reuni\u00e3o na Rumo Log\u00edstica o executivo Daniel Rossi, Diretor Executivo da Ferrovia TransAmericana; Alinne Christoffoli, gerente de Rela\u00e7\u00f5es Governamentais e Adriano Zerbini, Diretor de Comunica\u00e7\u00e3o da Cosan.<\/p>\n<p>Fonte: Portal do Jornal A Cr\u00edtica de Campo Grande\/MS<\/p>\n","protected":false},"excerpt":{"rendered":"<p>Al\u00e9m do entusiasmo do governador Reinaldo Azambuja e do setor privado, o governador Jo\u00e3o Doria deve somar esfor\u00e7os no cen\u00e1rio nacional. Mato Grosso do Sul vai unir for\u00e7as com os estados de S\u00e3o Paulo e do Centro -Oeste para viabilizar o projeto da ferrovia Oeste e, consequentemente, dar musculatura para consolidar a de vez o [&hellip;]<\/p>\n","protected":false},"author":5,"featured_media":0,"comment_status":"open","ping_status":"open","sticky":false,"template":"","format":"standard","meta":{"_acf_changed":false,"footnotes":""},"categories":[2],"tags":[],"class_list":["post-7180","post","type-post","status-publish","format-standard","hentry","category-noticias"],"acf":[],"yoast_head":"<!-- This site is optimized with the Yoast SEO plugin v23.9 - https:\/\/yoast.com\/wordpress\/plugins\/seo\/ -->\n<title>Governo de MS busca viabilizar ferrovia Oeste para consolidar projeto a TransAmericana - AmstedMaxion<\/title>\n<meta name=\"robots\" content=\"index, follow, max-snippet:-1, max-image-preview:large, max-video-preview:-1\" \/>\n<link rel=\"canonical\" href=\"https:\/\/www.amstedmaxion.com.br\/en\/governo-de-ms-busca-viabilizar-ferrovia-oeste-para-consolidar-projeto-a-transamericana\/\" \/>\n<meta property=\"og:locale\" content=\"en_US\" \/>\n<meta property=\"og:type\" content=\"article\" \/>\n<meta property=\"og:title\" content=\"Governo de MS busca viabilizar ferrovia Oeste para consolidar projeto a TransAmericana - AmstedMaxion\" \/>\n<meta property=\"og:description\" content=\"Al\u00e9m do entusiasmo do governador Reinaldo Azambuja e do setor privado, o governador Jo\u00e3o Doria deve somar esfor\u00e7os no cen\u00e1rio nacional. Mato Grosso do Sul vai unir for\u00e7as com os estados de S\u00e3o Paulo e do Centro -Oeste para viabilizar o projeto da ferrovia Oeste e, consequentemente, dar musculatura para consolidar a de vez o [&hellip;]\" \/>\n<meta property=\"og:url\" content=\"https:\/\/www.amstedmaxion.com.br\/en\/governo-de-ms-busca-viabilizar-ferrovia-oeste-para-consolidar-projeto-a-transamericana\/\" \/>\n<meta property=\"og:site_name\" content=\"AmstedMaxion\" \/>\n<meta property=\"article:publisher\" content=\"https:\/\/www.facebook.com\/AmstedMaxion.Oficial\" \/>\n<meta property=\"article:published_time\" content=\"2019-05-30T13:48:16+00:00\" \/>\n<meta name=\"author\" content=\"Rosane Storto\" \/>\n<meta name=\"twitter:card\" content=\"summary_large_image\" \/>\n<meta name=\"twitter:label1\" content=\"Written by\" \/>\n\t<meta name=\"twitter:data1\" content=\"Rosane Storto\" \/>\n\t<meta name=\"twitter:label2\" content=\"Est. reading time\" \/>\n\t<meta name=\"twitter:data2\" content=\"5 minutes\" \/>\n<script type=\"application\/ld+json\" class=\"yoast-schema-graph\">{\"@context\":\"https:\/\/schema.org\",\"@graph\":[{\"@type\":\"Article\",\"@id\":\"https:\/\/www.amstedmaxion.com.br\/en\/governo-de-ms-busca-viabilizar-ferrovia-oeste-para-consolidar-projeto-a-transamericana\/#article\",\"isPartOf\":{\"@id\":\"https:\/\/www.amstedmaxion.com.br\/en\/governo-de-ms-busca-viabilizar-ferrovia-oeste-para-consolidar-projeto-a-transamericana\/\"},\"author\":{\"name\":\"Rosane Storto\",\"@id\":\"https:\/\/www.amstedmaxion.com.br\/#\/schema\/person\/140cb65f07d4e66dd5543c8a187bf436\"},\"headline\":\"Governo de MS busca viabilizar ferrovia Oeste para consolidar projeto a TransAmericana\",\"datePublished\":\"2019-05-30T13:48:16+00:00\",\"dateModified\":\"2019-05-30T13:48:16+00:00\",\"mainEntityOfPage\":{\"@id\":\"https:\/\/www.amstedmaxion.com.br\/en\/governo-de-ms-busca-viabilizar-ferrovia-oeste-para-consolidar-projeto-a-transamericana\/\"},\"wordCount\":951,\"commentCount\":0,\"publisher\":{\"@id\":\"https:\/\/www.amstedmaxion.com.br\/#organization\"},\"articleSection\":[\"Not\u00edcias da AmstedMaxion\"],\"inLanguage\":\"en-US\",\"potentialAction\":[{\"@type\":\"CommentAction\",\"name\":\"Comment\",\"target\":[\"https:\/\/www.amstedmaxion.com.br\/en\/governo-de-ms-busca-viabilizar-ferrovia-oeste-para-consolidar-projeto-a-transamericana\/#respond\"]}]},{\"@type\":\"WebPage\",\"@id\":\"https:\/\/www.amstedmaxion.com.br\/en\/governo-de-ms-busca-viabilizar-ferrovia-oeste-para-consolidar-projeto-a-transamericana\/\",\"url\":\"https:\/\/www.amstedmaxion.com.br\/en\/governo-de-ms-busca-viabilizar-ferrovia-oeste-para-consolidar-projeto-a-transamericana\/\",\"name\":\"Governo de MS busca viabilizar ferrovia Oeste para consolidar projeto a TransAmericana - AmstedMaxion\",\"isPartOf\":{\"@id\":\"https:\/\/www.amstedmaxion.com.br\/#website\"},\"datePublished\":\"2019-05-30T13:48:16+00:00\",\"dateModified\":\"2019-05-30T13:48:16+00:00\",\"breadcrumb\":{\"@id\":\"https:\/\/www.amstedmaxion.com.br\/en\/governo-de-ms-busca-viabilizar-ferrovia-oeste-para-consolidar-projeto-a-transamericana\/#breadcrumb\"},\"inLanguage\":\"en-US\",\"potentialAction\":[{\"@type\":\"ReadAction\",\"target\":[\"https:\/\/www.amstedmaxion.com.br\/en\/governo-de-ms-busca-viabilizar-ferrovia-oeste-para-consolidar-projeto-a-transamericana\/\"]}]},{\"@type\":\"BreadcrumbList\",\"@id\":\"https:\/\/www.amstedmaxion.com.br\/en\/governo-de-ms-busca-viabilizar-ferrovia-oeste-para-consolidar-projeto-a-transamericana\/#breadcrumb\",\"itemListElement\":[{\"@type\":\"ListItem\",\"position\":1,\"name\":\"In\u00edcio\",\"item\":\"https:\/\/www.amstedmaxion.com.br\/\"},{\"@type\":\"ListItem\",\"position\":2,\"name\":\"Governo de MS busca viabilizar ferrovia Oeste para consolidar projeto a TransAmericana\"}]},{\"@type\":\"WebSite\",\"@id\":\"https:\/\/www.amstedmaxion.com.br\/#website\",\"url\":\"https:\/\/www.amstedmaxion.com.br\/\",\"name\":\"AmstedMaxion\",\"description\":\"AmstedMaxion - Fundi\u00e7\u00e3o e Equipamentos Ferrovi\u00e1rios\",\"publisher\":{\"@id\":\"https:\/\/www.amstedmaxion.com.br\/#organization\"},\"alternateName\":\"AmstedMaxion\",\"potentialAction\":[{\"@type\":\"SearchAction\",\"target\":{\"@type\":\"EntryPoint\",\"urlTemplate\":\"https:\/\/www.amstedmaxion.com.br\/?s={search_term_string}\"},\"query-input\":{\"@type\":\"PropertyValueSpecification\",\"valueRequired\":true,\"valueName\":\"search_term_string\"}}],\"inLanguage\":\"en-US\"},{\"@type\":\"Organization\",\"@id\":\"https:\/\/www.amstedmaxion.com.br\/#organization\",\"name\":\"AMSTEDMAXION\",\"url\":\"https:\/\/www.amstedmaxion.com.br\/\",\"logo\":{\"@type\":\"ImageObject\",\"inLanguage\":\"en-US\",\"@id\":\"https:\/\/www.amstedmaxion.com.br\/#\/schema\/logo\/image\/\",\"url\":\"https:\/\/www.amstedmaxion.com.br\/wp-content\/uploads\/2023\/11\/amsted.png\",\"contentUrl\":\"https:\/\/www.amstedmaxion.com.br\/wp-content\/uploads\/2023\/11\/amsted.png\",\"width\":500,\"height\":500,\"caption\":\"AMSTEDMAXION\"},\"image\":{\"@id\":\"https:\/\/www.amstedmaxion.com.br\/#\/schema\/logo\/image\/\"},\"sameAs\":[\"https:\/\/www.facebook.com\/AmstedMaxion.Oficial\",\"https:\/\/br.linkedin.com\/company\/amstedmaxion\"]},{\"@type\":\"Person\",\"@id\":\"https:\/\/www.amstedmaxion.com.br\/#\/schema\/person\/140cb65f07d4e66dd5543c8a187bf436\",\"name\":\"Rosane Storto\",\"image\":{\"@type\":\"ImageObject\",\"inLanguage\":\"en-US\",\"@id\":\"https:\/\/www.amstedmaxion.com.br\/#\/schema\/person\/image\/\",\"url\":\"https:\/\/secure.gravatar.com\/avatar\/0e3d021545bbe593cb0eb3ee740544fefa86d59762e63dec1dbe9480a34c98cd?s=96&d=mm&r=g\",\"contentUrl\":\"https:\/\/secure.gravatar.com\/avatar\/0e3d021545bbe593cb0eb3ee740544fefa86d59762e63dec1dbe9480a34c98cd?s=96&d=mm&r=g\",\"caption\":\"Rosane Storto\"}}]}<\/script>\n<!-- \/ Yoast SEO plugin. -->","yoast_head_json":{"title":"Governo de MS busca viabilizar ferrovia Oeste para consolidar projeto a TransAmericana - AmstedMaxion","robots":{"index":"index","follow":"follow","max-snippet":"max-snippet:-1","max-image-preview":"max-image-preview:large","max-video-preview":"max-video-preview:-1"},"canonical":"https:\/\/www.amstedmaxion.com.br\/en\/governo-de-ms-busca-viabilizar-ferrovia-oeste-para-consolidar-projeto-a-transamericana\/","og_locale":"en_US","og_type":"article","og_title":"Governo de MS busca viabilizar ferrovia Oeste para consolidar projeto a TransAmericana - AmstedMaxion","og_description":"Al\u00e9m do entusiasmo do governador Reinaldo Azambuja e do setor privado, o governador Jo\u00e3o Doria deve somar esfor\u00e7os no cen\u00e1rio nacional. Mato Grosso do Sul vai unir for\u00e7as com os estados de S\u00e3o Paulo e do Centro -Oeste para viabilizar o projeto da ferrovia Oeste e, consequentemente, dar musculatura para consolidar a de vez o [&hellip;]","og_url":"https:\/\/www.amstedmaxion.com.br\/en\/governo-de-ms-busca-viabilizar-ferrovia-oeste-para-consolidar-projeto-a-transamericana\/","og_site_name":"AmstedMaxion","article_publisher":"https:\/\/www.facebook.com\/AmstedMaxion.Oficial","article_published_time":"2019-05-30T13:48:16+00:00","author":"Rosane Storto","twitter_card":"summary_large_image","twitter_misc":{"Written by":"Rosane Storto","Est. reading time":"5 minutes"},"schema":{"@context":"https:\/\/schema.org","@graph":[{"@type":"Article","@id":"https:\/\/www.amstedmaxion.com.br\/en\/governo-de-ms-busca-viabilizar-ferrovia-oeste-para-consolidar-projeto-a-transamericana\/#article","isPartOf":{"@id":"https:\/\/www.amstedmaxion.com.br\/en\/governo-de-ms-busca-viabilizar-ferrovia-oeste-para-consolidar-projeto-a-transamericana\/"},"author":{"name":"Rosane Storto","@id":"https:\/\/www.amstedmaxion.com.br\/#\/schema\/person\/140cb65f07d4e66dd5543c8a187bf436"},"headline":"Governo de MS busca viabilizar ferrovia Oeste para consolidar projeto a TransAmericana","datePublished":"2019-05-30T13:48:16+00:00","dateModified":"2019-05-30T13:48:16+00:00","mainEntityOfPage":{"@id":"https:\/\/www.amstedmaxion.com.br\/en\/governo-de-ms-busca-viabilizar-ferrovia-oeste-para-consolidar-projeto-a-transamericana\/"},"wordCount":951,"commentCount":0,"publisher":{"@id":"https:\/\/www.amstedmaxion.com.br\/#organization"},"articleSection":["Not\u00edcias da AmstedMaxion"],"inLanguage":"en-US","potentialAction":[{"@type":"CommentAction","name":"Comment","target":["https:\/\/www.amstedmaxion.com.br\/en\/governo-de-ms-busca-viabilizar-ferrovia-oeste-para-consolidar-projeto-a-transamericana\/#respond"]}]},{"@type":"WebPage","@id":"https:\/\/www.amstedmaxion.com.br\/en\/governo-de-ms-busca-viabilizar-ferrovia-oeste-para-consolidar-projeto-a-transamericana\/","url":"https:\/\/www.amstedmaxion.com.br\/en\/governo-de-ms-busca-viabilizar-ferrovia-oeste-para-consolidar-projeto-a-transamericana\/","name":"Governo de MS busca viabilizar ferrovia Oeste para consolidar projeto a TransAmericana - AmstedMaxion","isPartOf":{"@id":"https:\/\/www.amstedmaxion.com.br\/#website"},"datePublished":"2019-05-30T13:48:16+00:00","dateModified":"2019-05-30T13:48:16+00:00","breadcrumb":{"@id":"https:\/\/www.amstedmaxion.com.br\/en\/governo-de-ms-busca-viabilizar-ferrovia-oeste-para-consolidar-projeto-a-transamericana\/#breadcrumb"},"inLanguage":"en-US","potentialAction":[{"@type":"ReadAction","target":["https:\/\/www.amstedmaxion.com.br\/en\/governo-de-ms-busca-viabilizar-ferrovia-oeste-para-consolidar-projeto-a-transamericana\/"]}]},{"@type":"BreadcrumbList","@id":"https:\/\/www.amstedmaxion.com.br\/en\/governo-de-ms-busca-viabilizar-ferrovia-oeste-para-consolidar-projeto-a-transamericana\/#breadcrumb","itemListElement":[{"@type":"ListItem","position":1,"name":"In\u00edcio","item":"https:\/\/www.amstedmaxion.com.br\/"},{"@type":"ListItem","position":2,"name":"Governo de MS busca viabilizar ferrovia Oeste para consolidar projeto a TransAmericana"}]},{"@type":"WebSite","@id":"https:\/\/www.amstedmaxion.com.br\/#website","url":"https:\/\/www.amstedmaxion.com.br\/","name":"AmstedMaxion","description":"AmstedMaxion - Fundi\u00e7\u00e3o e Equipamentos Ferrovi\u00e1rios","publisher":{"@id":"https:\/\/www.amstedmaxion.com.br\/#organization"},"alternateName":"AmstedMaxion","potentialAction":[{"@type":"SearchAction","target":{"@type":"EntryPoint","urlTemplate":"https:\/\/www.amstedmaxion.com.br\/?s={search_term_string}"},"query-input":{"@type":"PropertyValueSpecification","valueRequired":true,"valueName":"search_term_string"}}],"inLanguage":"en-US"},{"@type":"Organization","@id":"https:\/\/www.amstedmaxion.com.br\/#organization","name":"AMSTEDMAXION","url":"https:\/\/www.amstedmaxion.com.br\/","logo":{"@type":"ImageObject","inLanguage":"en-US","@id":"https:\/\/www.amstedmaxion.com.br\/#\/schema\/logo\/image\/","url":"https:\/\/www.amstedmaxion.com.br\/wp-content\/uploads\/2023\/11\/amsted.png","contentUrl":"https:\/\/www.amstedmaxion.com.br\/wp-content\/uploads\/2023\/11\/amsted.png","width":500,"height":500,"caption":"AMSTEDMAXION"},"image":{"@id":"https:\/\/www.amstedmaxion.com.br\/#\/schema\/logo\/image\/"},"sameAs":["https:\/\/www.facebook.com\/AmstedMaxion.Oficial","https:\/\/br.linkedin.com\/company\/amstedmaxion"]},{"@type":"Person","@id":"https:\/\/www.amstedmaxion.com.br\/#\/schema\/person\/140cb65f07d4e66dd5543c8a187bf436","name":"Rosane Storto","image":{"@type":"ImageObject","inLanguage":"en-US","@id":"https:\/\/www.amstedmaxion.com.br\/#\/schema\/person\/image\/","url":"https:\/\/secure.gravatar.com\/avatar\/0e3d021545bbe593cb0eb3ee740544fefa86d59762e63dec1dbe9480a34c98cd?s=96&d=mm&r=g","contentUrl":"https:\/\/secure.gravatar.com\/avatar\/0e3d021545bbe593cb0eb3ee740544fefa86d59762e63dec1dbe9480a34c98cd?s=96&d=mm&r=g","caption":"Rosane Storto"}}]}},"_links":{"self":[{"href":"https:\/\/www.amstedmaxion.com.br\/en\/wp-json\/wp\/v2\/posts\/7180","targetHints":{"allow":["GET"]}}],"collection":[{"href":"https:\/\/www.amstedmaxion.com.br\/en\/wp-json\/wp\/v2\/posts"}],"about":[{"href":"https:\/\/www.amstedmaxion.com.br\/en\/wp-json\/wp\/v2\/types\/post"}],"author":[{"embeddable":true,"href":"https:\/\/www.amstedmaxion.com.br\/en\/wp-json\/wp\/v2\/users\/5"}],"replies":[{"embeddable":true,"href":"https:\/\/www.amstedmaxion.com.br\/en\/wp-json\/wp\/v2\/comments?post=7180"}],"version-history":[{"count":1,"href":"https:\/\/www.amstedmaxion.com.br\/en\/wp-json\/wp\/v2\/posts\/7180\/revisions"}],"predecessor-version":[{"id":7182,"href":"https:\/\/www.amstedmaxion.com.br\/en\/wp-json\/wp\/v2\/posts\/7180\/revisions\/7182"}],"wp:attachment":[{"href":"https:\/\/www.amstedmaxion.com.br\/en\/wp-json\/wp\/v2\/media?parent=7180"}],"wp:term":[{"taxonomy":"category","embeddable":true,"href":"https:\/\/www.amstedmaxion.com.br\/en\/wp-json\/wp\/v2\/categories?post=7180"},{"taxonomy":"post_tag","embeddable":true,"href":"https:\/\/www.amstedmaxion.com.br\/en\/wp-json\/wp\/v2\/tags?post=7180"}],"curies":[{"name":"wp","href":"https:\/\/api.w.org\/{rel}","templated":true}]}}