{"id":7202,"date":"2019-06-03T16:52:05","date_gmt":"2019-06-03T19:52:05","guid":{"rendered":"http:\/\/www.amstedmaxion.com.br\/?p=7202"},"modified":"2019-06-03T16:52:05","modified_gmt":"2019-06-03T19:52:05","slug":"governo-estuda-ampliar-trecho-da-fiol-que-deve-ir-a-leilao-neste-ano","status":"publish","type":"post","link":"https:\/\/www.amstedmaxion.com.br\/en\/governo-estuda-ampliar-trecho-da-fiol-que-deve-ir-a-leilao-neste-ano\/","title":{"rendered":"Governo estuda ampliar trecho da Fiol que deve ir a leil\u00e3o neste ano"},"content":{"rendered":"<p>O governo federal avalia ampliar o leil\u00e3o da Ferrovia de Integra\u00e7\u00e3o Oeste Leste (Fiol). O projeto atual, j\u00e1 qualificado pelo PPI (Programa de Parcerias de Investimentos), iria de Ilh\u00e9us at\u00e9 Caetit\u00e9, na Bahia. No entanto, h\u00e1 estudos para prolongar o trecho. O Minist\u00e9rio da Infraestrutura afirma que o projeto poder\u00e1 ter um adendo de 160 quil\u00f4metros, chegando at\u00e9 a altura de Bom Jesus da Lapa, ainda na Bahia.<\/p>\n<p>&#8220;Foi uma demanda das audi\u00eancias p\u00fablicas estender o trecho at\u00e9 a ponte sobre o Rio S\u00e3o Francisco. No entanto, estamos avaliando qual seria o investimento para essa amplia\u00e7\u00e3o&#8221;, disse a secret\u00e1ria de Fomento e Parceria do Minist\u00e9rio da Infraestrutura, Nat\u00e1lia Marcassa.<\/p>\n<p>Nat\u00e1lia prev\u00ea que os estudos para a poss\u00edvel extens\u00e3o estejam conclu\u00eddos at\u00e9 agosto para envio ao Tribunal de Contas da Uni\u00e3o (TCU). A licita\u00e7\u00e3o desse trecho, de acordo com ela, poder\u00e1 ser feita em dezembro. H\u00e1 ainda estudos t\u00e9cnicos dentro do PPI para que o empreendimento possa ir al\u00e9m, possivelmente chegando a Barreiras (BA) ou at\u00e9 mesmo Figueir\u00f3polis (TO), onde haveria liga\u00e7\u00e3o com o tramo central da Ferrovia Norte-Sul &#8211; embora esta \u00faltima possibilidade seja considerada pouco prov\u00e1vel. <\/p>\n<p>Essa extens\u00e3o j\u00e1 havia sido avaliada em um estudo da consultoria Accenture, feita no passado para o governo baiano, e dever\u00e1 ser apresentada a t\u00e9cnicos da Empresa de Planejamento e Log\u00edstica (EPL) nos pr\u00f3ximos dias, segundo fonte do governo. <\/p>\n<p>O tamanho da amplia\u00e7\u00e3o, por\u00e9m, dependeria do volume adicional de investimentos necess\u00e1rios, que dever\u00e3o ser elevados. A ideia seria estudar o quanto \u00e9 poss\u00edvel estender o trajeto, sem que o empreendimento fique invi\u00e1vel financeiramente &#8211; o c\u00e1lculo ainda ser\u00e1 feito. Outro entrave \u00e9 que uma eventual amplia\u00e7\u00e3o tende a atrasar o processo, j\u00e1 que os \u00f3rg\u00e3os de controle exigiriam novas audi\u00eancias p\u00fablicas. <\/p>\n<p>A secret\u00e1ria do Minist\u00e9rio de Infraestrutura diz que a amplia\u00e7\u00e3o para al\u00e9m de Bom Jesus da Lapa dever\u00e1 ficar para um segundo momento. A ideia, a princ\u00edpio, seria algo na linha do leil\u00e3o da Ferrovia Norte-Sul, feito em etapas.<\/p>\n<p>As obras da ferrovia, hoje a cargo da estatal Valec, ainda n\u00e3o foram conclu\u00eddas. No primeiro trecho, entre Ilh\u00e9us e Caetit\u00e9, 76,2% dos 537 quil\u00f4metros de via j\u00e1 est\u00e3o constru\u00eddos. J\u00e1 no segundo trecho, de Caetit\u00e9 a Barreiras, apenas 28,8% foram executados. A partir de Barreiras, at\u00e9 Figueir\u00f3polis, nada foi feito.<\/p>\n<p>Para terminar de construir o trecho de Ilh\u00e9us at\u00e9 Caetit\u00e9 ser\u00e1 necess\u00e1rio um investimento de R$ 1,6 bilh\u00e3o, segundo Nat\u00e1lia. At\u00e9 Barreiras, o valor total da obra subiria para aproximadamente R$ 6,4 bilh\u00f5es.<\/p>\n<p>Uma das principais vantagens de ampliar o projeto em dire\u00e7\u00e3o ao oeste baiano, segundo uma fonte a par do assunto, seria a possibilidade de escoar a soja produzida na regi\u00e3o, diversificando a carga. No projeto atual, a demanda de movimenta\u00e7\u00e3o depende em grande parte da produ\u00e7\u00e3o de min\u00e9rio da Bamin em Caetit\u00e9.<\/p>\n<p>H\u00e1 tamb\u00e9m questionamentos ao modelo de licita\u00e7\u00e3o em etapas. No caso da Norte-Sul, o tramo central, leiloado neste ano, ficou &#8220;espremido&#8221; entre duas ferrovias j\u00e1 em opera\u00e7\u00e3o, sem acesso direto a um porto, o que restringiu em parte a concorr\u00eancia, diz a fonte.<\/p>\n<p>Fonte: Valor Econ\u00f4mico <\/p>\n","protected":false},"excerpt":{"rendered":"<p>O governo federal avalia ampliar o leil\u00e3o da Ferrovia de Integra\u00e7\u00e3o Oeste Leste (Fiol). O projeto atual, j\u00e1 qualificado pelo PPI (Programa de Parcerias de Investimentos), iria de Ilh\u00e9us at\u00e9 Caetit\u00e9, na Bahia. No entanto, h\u00e1 estudos para prolongar o trecho. O Minist\u00e9rio da Infraestrutura afirma que o projeto poder\u00e1 ter um adendo de 160 [&hellip;]<\/p>\n","protected":false},"author":5,"featured_media":0,"comment_status":"open","ping_status":"open","sticky":false,"template":"","format":"standard","meta":{"_acf_changed":false,"footnotes":""},"categories":[2],"tags":[],"class_list":["post-7202","post","type-post","status-publish","format-standard","hentry","category-noticias"],"acf":[],"yoast_head":"<!-- This site is optimized with the Yoast SEO plugin v23.9 - https:\/\/yoast.com\/wordpress\/plugins\/seo\/ -->\n<title>Governo estuda ampliar trecho da Fiol que deve ir a leil\u00e3o neste ano - AmstedMaxion<\/title>\n<meta name=\"robots\" content=\"index, follow, max-snippet:-1, max-image-preview:large, max-video-preview:-1\" \/>\n<link rel=\"canonical\" href=\"https:\/\/www.amstedmaxion.com.br\/en\/governo-estuda-ampliar-trecho-da-fiol-que-deve-ir-a-leilao-neste-ano\/\" \/>\n<meta property=\"og:locale\" content=\"en_US\" \/>\n<meta property=\"og:type\" content=\"article\" \/>\n<meta property=\"og:title\" content=\"Governo estuda ampliar trecho da Fiol que deve ir a leil\u00e3o neste ano - AmstedMaxion\" \/>\n<meta property=\"og:description\" content=\"O governo federal avalia ampliar o leil\u00e3o da Ferrovia de Integra\u00e7\u00e3o Oeste Leste (Fiol). O projeto atual, j\u00e1 qualificado pelo PPI (Programa de Parcerias de Investimentos), iria de Ilh\u00e9us at\u00e9 Caetit\u00e9, na Bahia. No entanto, h\u00e1 estudos para prolongar o trecho. O Minist\u00e9rio da Infraestrutura afirma que o projeto poder\u00e1 ter um adendo de 160 [&hellip;]\" \/>\n<meta property=\"og:url\" content=\"https:\/\/www.amstedmaxion.com.br\/en\/governo-estuda-ampliar-trecho-da-fiol-que-deve-ir-a-leilao-neste-ano\/\" \/>\n<meta property=\"og:site_name\" content=\"AmstedMaxion\" \/>\n<meta property=\"article:publisher\" content=\"https:\/\/www.facebook.com\/AmstedMaxion.Oficial\" \/>\n<meta property=\"article:published_time\" content=\"2019-06-03T19:52:05+00:00\" \/>\n<meta name=\"author\" content=\"Rosane Storto\" \/>\n<meta name=\"twitter:card\" content=\"summary_large_image\" \/>\n<meta name=\"twitter:label1\" content=\"Written by\" \/>\n\t<meta name=\"twitter:data1\" content=\"Rosane Storto\" \/>\n\t<meta name=\"twitter:label2\" content=\"Est. reading time\" \/>\n\t<meta name=\"twitter:data2\" content=\"3 minutes\" \/>\n<script type=\"application\/ld+json\" class=\"yoast-schema-graph\">{\"@context\":\"https:\/\/schema.org\",\"@graph\":[{\"@type\":\"Article\",\"@id\":\"https:\/\/www.amstedmaxion.com.br\/en\/governo-estuda-ampliar-trecho-da-fiol-que-deve-ir-a-leilao-neste-ano\/#article\",\"isPartOf\":{\"@id\":\"https:\/\/www.amstedmaxion.com.br\/en\/governo-estuda-ampliar-trecho-da-fiol-que-deve-ir-a-leilao-neste-ano\/\"},\"author\":{\"name\":\"Rosane Storto\",\"@id\":\"https:\/\/www.amstedmaxion.com.br\/#\/schema\/person\/140cb65f07d4e66dd5543c8a187bf436\"},\"headline\":\"Governo estuda ampliar trecho da Fiol que deve ir a leil\u00e3o neste ano\",\"datePublished\":\"2019-06-03T19:52:05+00:00\",\"dateModified\":\"2019-06-03T19:52:05+00:00\",\"mainEntityOfPage\":{\"@id\":\"https:\/\/www.amstedmaxion.com.br\/en\/governo-estuda-ampliar-trecho-da-fiol-que-deve-ir-a-leilao-neste-ano\/\"},\"wordCount\":581,\"commentCount\":0,\"publisher\":{\"@id\":\"https:\/\/www.amstedmaxion.com.br\/#organization\"},\"articleSection\":[\"Not\u00edcias da AmstedMaxion\"],\"inLanguage\":\"en-US\",\"potentialAction\":[{\"@type\":\"CommentAction\",\"name\":\"Comment\",\"target\":[\"https:\/\/www.amstedmaxion.com.br\/en\/governo-estuda-ampliar-trecho-da-fiol-que-deve-ir-a-leilao-neste-ano\/#respond\"]}]},{\"@type\":\"WebPage\",\"@id\":\"https:\/\/www.amstedmaxion.com.br\/en\/governo-estuda-ampliar-trecho-da-fiol-que-deve-ir-a-leilao-neste-ano\/\",\"url\":\"https:\/\/www.amstedmaxion.com.br\/en\/governo-estuda-ampliar-trecho-da-fiol-que-deve-ir-a-leilao-neste-ano\/\",\"name\":\"Governo estuda ampliar trecho da Fiol que deve ir a leil\u00e3o neste ano - AmstedMaxion\",\"isPartOf\":{\"@id\":\"https:\/\/www.amstedmaxion.com.br\/#website\"},\"datePublished\":\"2019-06-03T19:52:05+00:00\",\"dateModified\":\"2019-06-03T19:52:05+00:00\",\"breadcrumb\":{\"@id\":\"https:\/\/www.amstedmaxion.com.br\/en\/governo-estuda-ampliar-trecho-da-fiol-que-deve-ir-a-leilao-neste-ano\/#breadcrumb\"},\"inLanguage\":\"en-US\",\"potentialAction\":[{\"@type\":\"ReadAction\",\"target\":[\"https:\/\/www.amstedmaxion.com.br\/en\/governo-estuda-ampliar-trecho-da-fiol-que-deve-ir-a-leilao-neste-ano\/\"]}]},{\"@type\":\"BreadcrumbList\",\"@id\":\"https:\/\/www.amstedmaxion.com.br\/en\/governo-estuda-ampliar-trecho-da-fiol-que-deve-ir-a-leilao-neste-ano\/#breadcrumb\",\"itemListElement\":[{\"@type\":\"ListItem\",\"position\":1,\"name\":\"In\u00edcio\",\"item\":\"https:\/\/www.amstedmaxion.com.br\/\"},{\"@type\":\"ListItem\",\"position\":2,\"name\":\"Governo estuda ampliar trecho da Fiol que deve ir a leil\u00e3o neste ano\"}]},{\"@type\":\"WebSite\",\"@id\":\"https:\/\/www.amstedmaxion.com.br\/#website\",\"url\":\"https:\/\/www.amstedmaxion.com.br\/\",\"name\":\"AmstedMaxion\",\"description\":\"AmstedMaxion - Fundi\u00e7\u00e3o e Equipamentos Ferrovi\u00e1rios\",\"publisher\":{\"@id\":\"https:\/\/www.amstedmaxion.com.br\/#organization\"},\"alternateName\":\"AmstedMaxion\",\"potentialAction\":[{\"@type\":\"SearchAction\",\"target\":{\"@type\":\"EntryPoint\",\"urlTemplate\":\"https:\/\/www.amstedmaxion.com.br\/?s={search_term_string}\"},\"query-input\":{\"@type\":\"PropertyValueSpecification\",\"valueRequired\":true,\"valueName\":\"search_term_string\"}}],\"inLanguage\":\"en-US\"},{\"@type\":\"Organization\",\"@id\":\"https:\/\/www.amstedmaxion.com.br\/#organization\",\"name\":\"AMSTEDMAXION\",\"url\":\"https:\/\/www.amstedmaxion.com.br\/\",\"logo\":{\"@type\":\"ImageObject\",\"inLanguage\":\"en-US\",\"@id\":\"https:\/\/www.amstedmaxion.com.br\/#\/schema\/logo\/image\/\",\"url\":\"https:\/\/www.amstedmaxion.com.br\/wp-content\/uploads\/2023\/11\/amsted.png\",\"contentUrl\":\"https:\/\/www.amstedmaxion.com.br\/wp-content\/uploads\/2023\/11\/amsted.png\",\"width\":500,\"height\":500,\"caption\":\"AMSTEDMAXION\"},\"image\":{\"@id\":\"https:\/\/www.amstedmaxion.com.br\/#\/schema\/logo\/image\/\"},\"sameAs\":[\"https:\/\/www.facebook.com\/AmstedMaxion.Oficial\",\"https:\/\/br.linkedin.com\/company\/amstedmaxion\"]},{\"@type\":\"Person\",\"@id\":\"https:\/\/www.amstedmaxion.com.br\/#\/schema\/person\/140cb65f07d4e66dd5543c8a187bf436\",\"name\":\"Rosane Storto\",\"image\":{\"@type\":\"ImageObject\",\"inLanguage\":\"en-US\",\"@id\":\"https:\/\/www.amstedmaxion.com.br\/#\/schema\/person\/image\/\",\"url\":\"https:\/\/secure.gravatar.com\/avatar\/0e3d021545bbe593cb0eb3ee740544fefa86d59762e63dec1dbe9480a34c98cd?s=96&d=mm&r=g\",\"contentUrl\":\"https:\/\/secure.gravatar.com\/avatar\/0e3d021545bbe593cb0eb3ee740544fefa86d59762e63dec1dbe9480a34c98cd?s=96&d=mm&r=g\",\"caption\":\"Rosane Storto\"}}]}<\/script>\n<!-- \/ Yoast SEO plugin. -->","yoast_head_json":{"title":"Governo estuda ampliar trecho da Fiol que deve ir a leil\u00e3o neste ano - AmstedMaxion","robots":{"index":"index","follow":"follow","max-snippet":"max-snippet:-1","max-image-preview":"max-image-preview:large","max-video-preview":"max-video-preview:-1"},"canonical":"https:\/\/www.amstedmaxion.com.br\/en\/governo-estuda-ampliar-trecho-da-fiol-que-deve-ir-a-leilao-neste-ano\/","og_locale":"en_US","og_type":"article","og_title":"Governo estuda ampliar trecho da Fiol que deve ir a leil\u00e3o neste ano - AmstedMaxion","og_description":"O governo federal avalia ampliar o leil\u00e3o da Ferrovia de Integra\u00e7\u00e3o Oeste Leste (Fiol). O projeto atual, j\u00e1 qualificado pelo PPI (Programa de Parcerias de Investimentos), iria de Ilh\u00e9us at\u00e9 Caetit\u00e9, na Bahia. No entanto, h\u00e1 estudos para prolongar o trecho. O Minist\u00e9rio da Infraestrutura afirma que o projeto poder\u00e1 ter um adendo de 160 [&hellip;]","og_url":"https:\/\/www.amstedmaxion.com.br\/en\/governo-estuda-ampliar-trecho-da-fiol-que-deve-ir-a-leilao-neste-ano\/","og_site_name":"AmstedMaxion","article_publisher":"https:\/\/www.facebook.com\/AmstedMaxion.Oficial","article_published_time":"2019-06-03T19:52:05+00:00","author":"Rosane Storto","twitter_card":"summary_large_image","twitter_misc":{"Written by":"Rosane Storto","Est. reading time":"3 minutes"},"schema":{"@context":"https:\/\/schema.org","@graph":[{"@type":"Article","@id":"https:\/\/www.amstedmaxion.com.br\/en\/governo-estuda-ampliar-trecho-da-fiol-que-deve-ir-a-leilao-neste-ano\/#article","isPartOf":{"@id":"https:\/\/www.amstedmaxion.com.br\/en\/governo-estuda-ampliar-trecho-da-fiol-que-deve-ir-a-leilao-neste-ano\/"},"author":{"name":"Rosane Storto","@id":"https:\/\/www.amstedmaxion.com.br\/#\/schema\/person\/140cb65f07d4e66dd5543c8a187bf436"},"headline":"Governo estuda ampliar trecho da Fiol que deve ir a leil\u00e3o neste ano","datePublished":"2019-06-03T19:52:05+00:00","dateModified":"2019-06-03T19:52:05+00:00","mainEntityOfPage":{"@id":"https:\/\/www.amstedmaxion.com.br\/en\/governo-estuda-ampliar-trecho-da-fiol-que-deve-ir-a-leilao-neste-ano\/"},"wordCount":581,"commentCount":0,"publisher":{"@id":"https:\/\/www.amstedmaxion.com.br\/#organization"},"articleSection":["Not\u00edcias da AmstedMaxion"],"inLanguage":"en-US","potentialAction":[{"@type":"CommentAction","name":"Comment","target":["https:\/\/www.amstedmaxion.com.br\/en\/governo-estuda-ampliar-trecho-da-fiol-que-deve-ir-a-leilao-neste-ano\/#respond"]}]},{"@type":"WebPage","@id":"https:\/\/www.amstedmaxion.com.br\/en\/governo-estuda-ampliar-trecho-da-fiol-que-deve-ir-a-leilao-neste-ano\/","url":"https:\/\/www.amstedmaxion.com.br\/en\/governo-estuda-ampliar-trecho-da-fiol-que-deve-ir-a-leilao-neste-ano\/","name":"Governo estuda ampliar trecho da Fiol que deve ir a leil\u00e3o neste ano - AmstedMaxion","isPartOf":{"@id":"https:\/\/www.amstedmaxion.com.br\/#website"},"datePublished":"2019-06-03T19:52:05+00:00","dateModified":"2019-06-03T19:52:05+00:00","breadcrumb":{"@id":"https:\/\/www.amstedmaxion.com.br\/en\/governo-estuda-ampliar-trecho-da-fiol-que-deve-ir-a-leilao-neste-ano\/#breadcrumb"},"inLanguage":"en-US","potentialAction":[{"@type":"ReadAction","target":["https:\/\/www.amstedmaxion.com.br\/en\/governo-estuda-ampliar-trecho-da-fiol-que-deve-ir-a-leilao-neste-ano\/"]}]},{"@type":"BreadcrumbList","@id":"https:\/\/www.amstedmaxion.com.br\/en\/governo-estuda-ampliar-trecho-da-fiol-que-deve-ir-a-leilao-neste-ano\/#breadcrumb","itemListElement":[{"@type":"ListItem","position":1,"name":"In\u00edcio","item":"https:\/\/www.amstedmaxion.com.br\/"},{"@type":"ListItem","position":2,"name":"Governo estuda ampliar trecho da Fiol que deve ir a leil\u00e3o neste ano"}]},{"@type":"WebSite","@id":"https:\/\/www.amstedmaxion.com.br\/#website","url":"https:\/\/www.amstedmaxion.com.br\/","name":"AmstedMaxion","description":"AmstedMaxion - Fundi\u00e7\u00e3o e Equipamentos Ferrovi\u00e1rios","publisher":{"@id":"https:\/\/www.amstedmaxion.com.br\/#organization"},"alternateName":"AmstedMaxion","potentialAction":[{"@type":"SearchAction","target":{"@type":"EntryPoint","urlTemplate":"https:\/\/www.amstedmaxion.com.br\/?s={search_term_string}"},"query-input":{"@type":"PropertyValueSpecification","valueRequired":true,"valueName":"search_term_string"}}],"inLanguage":"en-US"},{"@type":"Organization","@id":"https:\/\/www.amstedmaxion.com.br\/#organization","name":"AMSTEDMAXION","url":"https:\/\/www.amstedmaxion.com.br\/","logo":{"@type":"ImageObject","inLanguage":"en-US","@id":"https:\/\/www.amstedmaxion.com.br\/#\/schema\/logo\/image\/","url":"https:\/\/www.amstedmaxion.com.br\/wp-content\/uploads\/2023\/11\/amsted.png","contentUrl":"https:\/\/www.amstedmaxion.com.br\/wp-content\/uploads\/2023\/11\/amsted.png","width":500,"height":500,"caption":"AMSTEDMAXION"},"image":{"@id":"https:\/\/www.amstedmaxion.com.br\/#\/schema\/logo\/image\/"},"sameAs":["https:\/\/www.facebook.com\/AmstedMaxion.Oficial","https:\/\/br.linkedin.com\/company\/amstedmaxion"]},{"@type":"Person","@id":"https:\/\/www.amstedmaxion.com.br\/#\/schema\/person\/140cb65f07d4e66dd5543c8a187bf436","name":"Rosane Storto","image":{"@type":"ImageObject","inLanguage":"en-US","@id":"https:\/\/www.amstedmaxion.com.br\/#\/schema\/person\/image\/","url":"https:\/\/secure.gravatar.com\/avatar\/0e3d021545bbe593cb0eb3ee740544fefa86d59762e63dec1dbe9480a34c98cd?s=96&d=mm&r=g","contentUrl":"https:\/\/secure.gravatar.com\/avatar\/0e3d021545bbe593cb0eb3ee740544fefa86d59762e63dec1dbe9480a34c98cd?s=96&d=mm&r=g","caption":"Rosane Storto"}}]}},"_links":{"self":[{"href":"https:\/\/www.amstedmaxion.com.br\/en\/wp-json\/wp\/v2\/posts\/7202","targetHints":{"allow":["GET"]}}],"collection":[{"href":"https:\/\/www.amstedmaxion.com.br\/en\/wp-json\/wp\/v2\/posts"}],"about":[{"href":"https:\/\/www.amstedmaxion.com.br\/en\/wp-json\/wp\/v2\/types\/post"}],"author":[{"embeddable":true,"href":"https:\/\/www.amstedmaxion.com.br\/en\/wp-json\/wp\/v2\/users\/5"}],"replies":[{"embeddable":true,"href":"https:\/\/www.amstedmaxion.com.br\/en\/wp-json\/wp\/v2\/comments?post=7202"}],"version-history":[{"count":1,"href":"https:\/\/www.amstedmaxion.com.br\/en\/wp-json\/wp\/v2\/posts\/7202\/revisions"}],"predecessor-version":[{"id":7203,"href":"https:\/\/www.amstedmaxion.com.br\/en\/wp-json\/wp\/v2\/posts\/7202\/revisions\/7203"}],"wp:attachment":[{"href":"https:\/\/www.amstedmaxion.com.br\/en\/wp-json\/wp\/v2\/media?parent=7202"}],"wp:term":[{"taxonomy":"category","embeddable":true,"href":"https:\/\/www.amstedmaxion.com.br\/en\/wp-json\/wp\/v2\/categories?post=7202"},{"taxonomy":"post_tag","embeddable":true,"href":"https:\/\/www.amstedmaxion.com.br\/en\/wp-json\/wp\/v2\/tags?post=7202"}],"curies":[{"name":"wp","href":"https:\/\/api.w.org\/{rel}","templated":true}]}}