{"id":7496,"date":"2019-06-19T13:38:43","date_gmt":"2019-06-19T16:38:43","guid":{"rendered":"http:\/\/www.amstedmaxion.com.br\/?p=7496"},"modified":"2021-07-27T09:10:26","modified_gmt":"2021-07-27T12:10:26","slug":"vale-avalia-construir-porto-e-ferrovia-no-para-para-possivel-expansao-de-serra-sul","status":"publish","type":"post","link":"https:\/\/www.amstedmaxion.com.br\/en\/vale-avalia-construir-porto-e-ferrovia-no-para-para-possivel-expansao-de-serra-sul\/","title":{"rendered":"Vale avalia construir porto e ferrovia no Par\u00e1 para poss\u00edvel expans\u00e3o de Serra Sul"},"content":{"rendered":"<p>A mineradora Vale considera construir ferrovia e porto no Par\u00e1 para atender poss\u00edvel expans\u00e3o da capacidade de produ\u00e7\u00e3o de Caraj\u00e1s Serra Sul, no mesmo Estado, para 150 milh\u00f5es de toneladas por ano, afirmou a empresa em uma apresenta\u00e7\u00e3o publicada nesta ter\u00e7a-feira.<\/p>\n<p>A ferrovia em avalia\u00e7\u00e3o teria 400 quil\u00f4metros e iria conectar a Estrada de Ferro Caraj\u00e1s (EFC) ao Porto da Vila do Conde.<\/p>\n<p>Segundo a empresa, a medida poderia contribuir com o &#8220;desengargalamento&#8221; do Porto de Ponta da Madeira, no Maranh\u00e3o, por onde a Vale hoje escoa o min\u00e9rio de sua maior mina.<\/p>\n<p>A empresa havia informado, h\u00e1 cerca de um m\u00eas, que estava avaliando dobrar a produ\u00e7\u00e3o na Serra Sul de Caraj\u00e1s, no Par\u00e1, onde est\u00e1 a mina gigante S11D, em Cana\u00e3 dos Caraj\u00e1s (PA), ap\u00f3s 2020, para 150 milh\u00f5es de toneladas de min\u00e9rio de ferro por ano.<\/p>\n<p>Fonte: Jornal do Brasil<\/p>\n","protected":false},"excerpt":{"rendered":"<p>A mineradora Vale considera construir ferrovia e porto no Par\u00e1 para atender poss\u00edvel expans\u00e3o da capacidade de produ\u00e7\u00e3o de Caraj\u00e1s Serra Sul, no mesmo Estado, para 150 milh\u00f5es de toneladas por ano, afirmou a empresa em uma apresenta\u00e7\u00e3o publicada nesta ter\u00e7a-feira. A ferrovia em avalia\u00e7\u00e3o teria 400 quil\u00f4metros e iria conectar a Estrada de Ferro [&hellip;]<\/p>\n","protected":false},"author":5,"featured_media":0,"comment_status":"open","ping_status":"open","sticky":false,"template":"","format":"standard","meta":{"_acf_changed":false,"footnotes":""},"categories":[2],"tags":[],"class_list":["post-7496","post","type-post","status-publish","format-standard","hentry","category-noticias"],"acf":[],"yoast_head":"<!-- This site is optimized with the Yoast SEO plugin v23.9 - https:\/\/yoast.com\/wordpress\/plugins\/seo\/ -->\n<title>Vale avalia construir porto e ferrovia no Par\u00e1 para poss\u00edvel expans\u00e3o de Serra Sul - AmstedMaxion<\/title>\n<meta name=\"robots\" content=\"index, follow, max-snippet:-1, max-image-preview:large, max-video-preview:-1\" \/>\n<link rel=\"canonical\" href=\"https:\/\/www.amstedmaxion.com.br\/vale-avalia-construir-porto-e-ferrovia-no-para-para-possivel-expansao-de-serra-sul\/\" \/>\n<meta property=\"og:locale\" content=\"en_US\" \/>\n<meta property=\"og:type\" content=\"article\" \/>\n<meta property=\"og:title\" content=\"Vale avalia construir porto e ferrovia no Par\u00e1 para poss\u00edvel expans\u00e3o de Serra Sul - AmstedMaxion\" \/>\n<meta property=\"og:description\" content=\"A mineradora Vale considera construir ferrovia e porto no Par\u00e1 para atender poss\u00edvel expans\u00e3o da capacidade de produ\u00e7\u00e3o de Caraj\u00e1s Serra Sul, no mesmo Estado, para 150 milh\u00f5es de toneladas por ano, afirmou a empresa em uma apresenta\u00e7\u00e3o publicada nesta ter\u00e7a-feira. A ferrovia em avalia\u00e7\u00e3o teria 400 quil\u00f4metros e iria conectar a Estrada de Ferro [&hellip;]\" \/>\n<meta property=\"og:url\" content=\"https:\/\/www.amstedmaxion.com.br\/vale-avalia-construir-porto-e-ferrovia-no-para-para-possivel-expansao-de-serra-sul\/\" \/>\n<meta property=\"og:site_name\" content=\"AmstedMaxion\" \/>\n<meta property=\"article:publisher\" content=\"https:\/\/www.facebook.com\/AmstedMaxion.Oficial\" \/>\n<meta property=\"article:published_time\" content=\"2019-06-19T16:38:43+00:00\" \/>\n<meta property=\"article:modified_time\" content=\"2021-07-27T12:10:26+00:00\" \/>\n<meta name=\"author\" content=\"Rosane Storto\" \/>\n<meta name=\"twitter:card\" content=\"summary_large_image\" \/>\n<meta name=\"twitter:label1\" content=\"Written by\" \/>\n\t<meta name=\"twitter:data1\" content=\"Rosane Storto\" \/>\n\t<meta name=\"twitter:label2\" content=\"Est. reading time\" \/>\n\t<meta name=\"twitter:data2\" content=\"1 minute\" \/>\n<script type=\"application\/ld+json\" class=\"yoast-schema-graph\">{\"@context\":\"https:\/\/schema.org\",\"@graph\":[{\"@type\":\"Article\",\"@id\":\"https:\/\/www.amstedmaxion.com.br\/vale-avalia-construir-porto-e-ferrovia-no-para-para-possivel-expansao-de-serra-sul\/#article\",\"isPartOf\":{\"@id\":\"https:\/\/www.amstedmaxion.com.br\/vale-avalia-construir-porto-e-ferrovia-no-para-para-possivel-expansao-de-serra-sul\/\"},\"author\":{\"name\":\"Rosane Storto\",\"@id\":\"https:\/\/www.amstedmaxion.com.br\/#\/schema\/person\/140cb65f07d4e66dd5543c8a187bf436\"},\"headline\":\"Vale avalia construir porto e ferrovia no Par\u00e1 para poss\u00edvel expans\u00e3o de Serra Sul\",\"datePublished\":\"2019-06-19T16:38:43+00:00\",\"dateModified\":\"2021-07-27T12:10:26+00:00\",\"mainEntityOfPage\":{\"@id\":\"https:\/\/www.amstedmaxion.com.br\/vale-avalia-construir-porto-e-ferrovia-no-para-para-possivel-expansao-de-serra-sul\/\"},\"wordCount\":175,\"commentCount\":0,\"publisher\":{\"@id\":\"https:\/\/www.amstedmaxion.com.br\/#organization\"},\"articleSection\":[\"Not\u00edcias da AmstedMaxion\"],\"inLanguage\":\"en-US\",\"potentialAction\":[{\"@type\":\"CommentAction\",\"name\":\"Comment\",\"target\":[\"https:\/\/www.amstedmaxion.com.br\/vale-avalia-construir-porto-e-ferrovia-no-para-para-possivel-expansao-de-serra-sul\/#respond\"]}]},{\"@type\":\"WebPage\",\"@id\":\"https:\/\/www.amstedmaxion.com.br\/vale-avalia-construir-porto-e-ferrovia-no-para-para-possivel-expansao-de-serra-sul\/\",\"url\":\"https:\/\/www.amstedmaxion.com.br\/vale-avalia-construir-porto-e-ferrovia-no-para-para-possivel-expansao-de-serra-sul\/\",\"name\":\"Vale avalia construir porto e ferrovia no Par\u00e1 para poss\u00edvel expans\u00e3o de Serra Sul - AmstedMaxion\",\"isPartOf\":{\"@id\":\"https:\/\/www.amstedmaxion.com.br\/#website\"},\"datePublished\":\"2019-06-19T16:38:43+00:00\",\"dateModified\":\"2021-07-27T12:10:26+00:00\",\"breadcrumb\":{\"@id\":\"https:\/\/www.amstedmaxion.com.br\/vale-avalia-construir-porto-e-ferrovia-no-para-para-possivel-expansao-de-serra-sul\/#breadcrumb\"},\"inLanguage\":\"en-US\",\"potentialAction\":[{\"@type\":\"ReadAction\",\"target\":[\"https:\/\/www.amstedmaxion.com.br\/vale-avalia-construir-porto-e-ferrovia-no-para-para-possivel-expansao-de-serra-sul\/\"]}]},{\"@type\":\"BreadcrumbList\",\"@id\":\"https:\/\/www.amstedmaxion.com.br\/vale-avalia-construir-porto-e-ferrovia-no-para-para-possivel-expansao-de-serra-sul\/#breadcrumb\",\"itemListElement\":[{\"@type\":\"ListItem\",\"position\":1,\"name\":\"In\u00edcio\",\"item\":\"https:\/\/www.amstedmaxion.com.br\/\"},{\"@type\":\"ListItem\",\"position\":2,\"name\":\"Vale avalia construir porto e ferrovia no Par\u00e1 para poss\u00edvel expans\u00e3o de Serra Sul\"}]},{\"@type\":\"WebSite\",\"@id\":\"https:\/\/www.amstedmaxion.com.br\/#website\",\"url\":\"https:\/\/www.amstedmaxion.com.br\/\",\"name\":\"AmstedMaxion\",\"description\":\"AmstedMaxion - Fundi\u00e7\u00e3o e Equipamentos Ferrovi\u00e1rios\",\"publisher\":{\"@id\":\"https:\/\/www.amstedmaxion.com.br\/#organization\"},\"alternateName\":\"AmstedMaxion\",\"potentialAction\":[{\"@type\":\"SearchAction\",\"target\":{\"@type\":\"EntryPoint\",\"urlTemplate\":\"https:\/\/www.amstedmaxion.com.br\/?s={search_term_string}\"},\"query-input\":{\"@type\":\"PropertyValueSpecification\",\"valueRequired\":true,\"valueName\":\"search_term_string\"}}],\"inLanguage\":\"en-US\"},{\"@type\":\"Organization\",\"@id\":\"https:\/\/www.amstedmaxion.com.br\/#organization\",\"name\":\"AMSTEDMAXION\",\"url\":\"https:\/\/www.amstedmaxion.com.br\/\",\"logo\":{\"@type\":\"ImageObject\",\"inLanguage\":\"en-US\",\"@id\":\"https:\/\/www.amstedmaxion.com.br\/#\/schema\/logo\/image\/\",\"url\":\"https:\/\/www.amstedmaxion.com.br\/wp-content\/uploads\/2023\/11\/amsted.png\",\"contentUrl\":\"https:\/\/www.amstedmaxion.com.br\/wp-content\/uploads\/2023\/11\/amsted.png\",\"width\":500,\"height\":500,\"caption\":\"AMSTEDMAXION\"},\"image\":{\"@id\":\"https:\/\/www.amstedmaxion.com.br\/#\/schema\/logo\/image\/\"},\"sameAs\":[\"https:\/\/www.facebook.com\/AmstedMaxion.Oficial\",\"https:\/\/br.linkedin.com\/company\/amstedmaxion\"]},{\"@type\":\"Person\",\"@id\":\"https:\/\/www.amstedmaxion.com.br\/#\/schema\/person\/140cb65f07d4e66dd5543c8a187bf436\",\"name\":\"Rosane Storto\",\"image\":{\"@type\":\"ImageObject\",\"inLanguage\":\"en-US\",\"@id\":\"https:\/\/www.amstedmaxion.com.br\/#\/schema\/person\/image\/\",\"url\":\"https:\/\/secure.gravatar.com\/avatar\/0e3d021545bbe593cb0eb3ee740544fefa86d59762e63dec1dbe9480a34c98cd?s=96&d=mm&r=g\",\"contentUrl\":\"https:\/\/secure.gravatar.com\/avatar\/0e3d021545bbe593cb0eb3ee740544fefa86d59762e63dec1dbe9480a34c98cd?s=96&d=mm&r=g\",\"caption\":\"Rosane Storto\"}}]}<\/script>\n<!-- \/ Yoast SEO plugin. -->","yoast_head_json":{"title":"Vale avalia construir porto e ferrovia no Par\u00e1 para poss\u00edvel expans\u00e3o de Serra Sul - AmstedMaxion","robots":{"index":"index","follow":"follow","max-snippet":"max-snippet:-1","max-image-preview":"max-image-preview:large","max-video-preview":"max-video-preview:-1"},"canonical":"https:\/\/www.amstedmaxion.com.br\/vale-avalia-construir-porto-e-ferrovia-no-para-para-possivel-expansao-de-serra-sul\/","og_locale":"en_US","og_type":"article","og_title":"Vale avalia construir porto e ferrovia no Par\u00e1 para poss\u00edvel expans\u00e3o de Serra Sul - AmstedMaxion","og_description":"A mineradora Vale considera construir ferrovia e porto no Par\u00e1 para atender poss\u00edvel expans\u00e3o da capacidade de produ\u00e7\u00e3o de Caraj\u00e1s Serra Sul, no mesmo Estado, para 150 milh\u00f5es de toneladas por ano, afirmou a empresa em uma apresenta\u00e7\u00e3o publicada nesta ter\u00e7a-feira. A ferrovia em avalia\u00e7\u00e3o teria 400 quil\u00f4metros e iria conectar a Estrada de Ferro [&hellip;]","og_url":"https:\/\/www.amstedmaxion.com.br\/vale-avalia-construir-porto-e-ferrovia-no-para-para-possivel-expansao-de-serra-sul\/","og_site_name":"AmstedMaxion","article_publisher":"https:\/\/www.facebook.com\/AmstedMaxion.Oficial","article_published_time":"2019-06-19T16:38:43+00:00","article_modified_time":"2021-07-27T12:10:26+00:00","author":"Rosane Storto","twitter_card":"summary_large_image","twitter_misc":{"Written by":"Rosane Storto","Est. reading time":"1 minute"},"schema":{"@context":"https:\/\/schema.org","@graph":[{"@type":"Article","@id":"https:\/\/www.amstedmaxion.com.br\/vale-avalia-construir-porto-e-ferrovia-no-para-para-possivel-expansao-de-serra-sul\/#article","isPartOf":{"@id":"https:\/\/www.amstedmaxion.com.br\/vale-avalia-construir-porto-e-ferrovia-no-para-para-possivel-expansao-de-serra-sul\/"},"author":{"name":"Rosane Storto","@id":"https:\/\/www.amstedmaxion.com.br\/#\/schema\/person\/140cb65f07d4e66dd5543c8a187bf436"},"headline":"Vale avalia construir porto e ferrovia no Par\u00e1 para poss\u00edvel expans\u00e3o de Serra Sul","datePublished":"2019-06-19T16:38:43+00:00","dateModified":"2021-07-27T12:10:26+00:00","mainEntityOfPage":{"@id":"https:\/\/www.amstedmaxion.com.br\/vale-avalia-construir-porto-e-ferrovia-no-para-para-possivel-expansao-de-serra-sul\/"},"wordCount":175,"commentCount":0,"publisher":{"@id":"https:\/\/www.amstedmaxion.com.br\/#organization"},"articleSection":["Not\u00edcias da AmstedMaxion"],"inLanguage":"en-US","potentialAction":[{"@type":"CommentAction","name":"Comment","target":["https:\/\/www.amstedmaxion.com.br\/vale-avalia-construir-porto-e-ferrovia-no-para-para-possivel-expansao-de-serra-sul\/#respond"]}]},{"@type":"WebPage","@id":"https:\/\/www.amstedmaxion.com.br\/vale-avalia-construir-porto-e-ferrovia-no-para-para-possivel-expansao-de-serra-sul\/","url":"https:\/\/www.amstedmaxion.com.br\/vale-avalia-construir-porto-e-ferrovia-no-para-para-possivel-expansao-de-serra-sul\/","name":"Vale avalia construir porto e ferrovia no Par\u00e1 para poss\u00edvel expans\u00e3o de Serra Sul - AmstedMaxion","isPartOf":{"@id":"https:\/\/www.amstedmaxion.com.br\/#website"},"datePublished":"2019-06-19T16:38:43+00:00","dateModified":"2021-07-27T12:10:26+00:00","breadcrumb":{"@id":"https:\/\/www.amstedmaxion.com.br\/vale-avalia-construir-porto-e-ferrovia-no-para-para-possivel-expansao-de-serra-sul\/#breadcrumb"},"inLanguage":"en-US","potentialAction":[{"@type":"ReadAction","target":["https:\/\/www.amstedmaxion.com.br\/vale-avalia-construir-porto-e-ferrovia-no-para-para-possivel-expansao-de-serra-sul\/"]}]},{"@type":"BreadcrumbList","@id":"https:\/\/www.amstedmaxion.com.br\/vale-avalia-construir-porto-e-ferrovia-no-para-para-possivel-expansao-de-serra-sul\/#breadcrumb","itemListElement":[{"@type":"ListItem","position":1,"name":"In\u00edcio","item":"https:\/\/www.amstedmaxion.com.br\/"},{"@type":"ListItem","position":2,"name":"Vale avalia construir porto e ferrovia no Par\u00e1 para poss\u00edvel expans\u00e3o de Serra Sul"}]},{"@type":"WebSite","@id":"https:\/\/www.amstedmaxion.com.br\/#website","url":"https:\/\/www.amstedmaxion.com.br\/","name":"AmstedMaxion","description":"AmstedMaxion - Fundi\u00e7\u00e3o e Equipamentos Ferrovi\u00e1rios","publisher":{"@id":"https:\/\/www.amstedmaxion.com.br\/#organization"},"alternateName":"AmstedMaxion","potentialAction":[{"@type":"SearchAction","target":{"@type":"EntryPoint","urlTemplate":"https:\/\/www.amstedmaxion.com.br\/?s={search_term_string}"},"query-input":{"@type":"PropertyValueSpecification","valueRequired":true,"valueName":"search_term_string"}}],"inLanguage":"en-US"},{"@type":"Organization","@id":"https:\/\/www.amstedmaxion.com.br\/#organization","name":"AMSTEDMAXION","url":"https:\/\/www.amstedmaxion.com.br\/","logo":{"@type":"ImageObject","inLanguage":"en-US","@id":"https:\/\/www.amstedmaxion.com.br\/#\/schema\/logo\/image\/","url":"https:\/\/www.amstedmaxion.com.br\/wp-content\/uploads\/2023\/11\/amsted.png","contentUrl":"https:\/\/www.amstedmaxion.com.br\/wp-content\/uploads\/2023\/11\/amsted.png","width":500,"height":500,"caption":"AMSTEDMAXION"},"image":{"@id":"https:\/\/www.amstedmaxion.com.br\/#\/schema\/logo\/image\/"},"sameAs":["https:\/\/www.facebook.com\/AmstedMaxion.Oficial","https:\/\/br.linkedin.com\/company\/amstedmaxion"]},{"@type":"Person","@id":"https:\/\/www.amstedmaxion.com.br\/#\/schema\/person\/140cb65f07d4e66dd5543c8a187bf436","name":"Rosane Storto","image":{"@type":"ImageObject","inLanguage":"en-US","@id":"https:\/\/www.amstedmaxion.com.br\/#\/schema\/person\/image\/","url":"https:\/\/secure.gravatar.com\/avatar\/0e3d021545bbe593cb0eb3ee740544fefa86d59762e63dec1dbe9480a34c98cd?s=96&d=mm&r=g","contentUrl":"https:\/\/secure.gravatar.com\/avatar\/0e3d021545bbe593cb0eb3ee740544fefa86d59762e63dec1dbe9480a34c98cd?s=96&d=mm&r=g","caption":"Rosane Storto"}}]}},"_links":{"self":[{"href":"https:\/\/www.amstedmaxion.com.br\/en\/wp-json\/wp\/v2\/posts\/7496","targetHints":{"allow":["GET"]}}],"collection":[{"href":"https:\/\/www.amstedmaxion.com.br\/en\/wp-json\/wp\/v2\/posts"}],"about":[{"href":"https:\/\/www.amstedmaxion.com.br\/en\/wp-json\/wp\/v2\/types\/post"}],"author":[{"embeddable":true,"href":"https:\/\/www.amstedmaxion.com.br\/en\/wp-json\/wp\/v2\/users\/5"}],"replies":[{"embeddable":true,"href":"https:\/\/www.amstedmaxion.com.br\/en\/wp-json\/wp\/v2\/comments?post=7496"}],"version-history":[{"count":1,"href":"https:\/\/www.amstedmaxion.com.br\/en\/wp-json\/wp\/v2\/posts\/7496\/revisions"}],"predecessor-version":[{"id":7498,"href":"https:\/\/www.amstedmaxion.com.br\/en\/wp-json\/wp\/v2\/posts\/7496\/revisions\/7498"}],"wp:attachment":[{"href":"https:\/\/www.amstedmaxion.com.br\/en\/wp-json\/wp\/v2\/media?parent=7496"}],"wp:term":[{"taxonomy":"category","embeddable":true,"href":"https:\/\/www.amstedmaxion.com.br\/en\/wp-json\/wp\/v2\/categories?post=7496"},{"taxonomy":"post_tag","embeddable":true,"href":"https:\/\/www.amstedmaxion.com.br\/en\/wp-json\/wp\/v2\/tags?post=7496"}],"curies":[{"name":"wp","href":"https:\/\/api.w.org\/{rel}","templated":true}]}}