{"id":7565,"date":"2019-06-26T16:35:48","date_gmt":"2019-06-26T19:35:48","guid":{"rendered":"http:\/\/www.amstedmaxion.com.br\/?p=7565"},"modified":"2021-07-27T09:08:19","modified_gmt":"2021-07-27T12:08:19","slug":"governo-quer-ligar-ferrovia-vitoria-a-minas-ao-porto-do-acu-diz-ministro","status":"publish","type":"post","link":"https:\/\/www.amstedmaxion.com.br\/en\/governo-quer-ligar-ferrovia-vitoria-a-minas-ao-porto-do-acu-diz-ministro\/","title":{"rendered":"Governo quer ligar ferrovia Vit\u00f3ria a Minas ao porto do A\u00e7u, diz ministro"},"content":{"rendered":"<p>O ministro de Infraestrutura, Tarc\u00edsio de Freitas, afirmou nesta segunda-feira, 24, que o governo tem planos para conectar a ferrovia Vit\u00f3ria a Minas, operada pela Vale, ao porto do A\u00e7u, passando pelo polo petroqu\u00edmico Comperj, ambos no Rio de Janeiro.<\/p>\n<p>Na semana passada, a Vale conseguiu com a Ag\u00eancia Nacional de Transportes Terrestres (ANTT) prorroga\u00e7\u00e3o do contrato de concess\u00e3o da Estrada de Ferro Vit\u00f3ria a Minas (EFVM) por mais 30 anos, antecipando investimentos que seriam feitos apenas a partir de 2027.<\/p>\n<p>\u00c9 preciso levar uma ferrovia para a porta do A\u00e7u (passando pelo Comperj)&#8230; Isso ainda est\u00e1 em avalia\u00e7\u00e3o. Levar ferrovia ao A\u00e7u ser\u00e1 feito com recursos provenientes da prorroga\u00e7\u00e3o ou com recursos p\u00fablicos. Fazer chegar no A\u00e7u \u00e9 uma prioridade, disse Freitas a jornalistas em evento empresarial no Rio de Janeiro.<\/p>\n<p>Segundo o ministro, o projeto de engenharia e a precifica\u00e7\u00e3o da malha da EFVM de Cariacica (ES) at\u00e9 o Rio de Janeiro ser\u00e3o feitos pela pr\u00f3pria Vale.<\/p>\n<p>Rodovias<\/p>\n<p>Sobre rodovias, o ministro afirmou que a concess\u00e3o da rodovia Presidente Dutra, que liga S\u00e3o Paulo ao Rio de Janeiro e atualmente operada pela CCR, deve passar por um novo modelo de cobran\u00e7a de ped\u00e1gio, com o pagamento da tarifa por quil\u00f4metro rodado. Hoje, segundo Freitas, apenas uma pequena parcela de ve\u00edculos que trafegam pela rodovia, cerca de 10%, pagam ped\u00e1gio.<\/p>\n<p>O ministro ainda citou que a nova tabela de fretes, que deve entrar em vigor em julho, trar\u00e1 mudan\u00e7as nos valores, mas destacou que ser\u00e1 poss\u00edvel um consenso entre embarcadores, transportadores e caminhoneiros. Ele n\u00e3o deu detalhes.<\/p>\n<p>Freitas elogiou o projeto de lei geral das ag\u00eancias reguladoras, que foi aprovado pelo Congresso, mas foi criticado no final de semana pelo presidente Jair Bolsonaro.<\/p>\n<p>O projeto visa minimizar a inger\u00eancia nas indica\u00e7\u00f5es pol\u00edticas para os cargos de comando das ag\u00eancias reguladoras atrav\u00e9s da cria\u00e7\u00e3o de uma lista tr\u00edplice que ser\u00e1 apresentada ao presidente.<\/p>\n<p>Acho essa lei geral extremamente positiva em fun\u00e7\u00e3o do regramento que ela trouxe, da necessidade de an\u00e1lise do impacto regulat\u00f3rio e em fun\u00e7\u00e3o dos crit\u00e9rios que ela escolheu para escolha de dirigentes. Tenho certeza que \u00e9 uma mensagem muito importante para investidor estrangeiro, afirmou o ministro da Infraestrutura.<\/p>\n<p>Fonte: Estad\u00e3o<\/p>\n","protected":false},"excerpt":{"rendered":"<p>O ministro de Infraestrutura, Tarc\u00edsio de Freitas, afirmou nesta segunda-feira, 24, que o governo tem planos para conectar a ferrovia Vit\u00f3ria a Minas, operada pela Vale, ao porto do A\u00e7u, passando pelo polo petroqu\u00edmico Comperj, ambos no Rio de Janeiro. Na semana passada, a Vale conseguiu com a Ag\u00eancia Nacional de Transportes Terrestres (ANTT) prorroga\u00e7\u00e3o [&hellip;]<\/p>\n","protected":false},"author":5,"featured_media":0,"comment_status":"open","ping_status":"open","sticky":false,"template":"","format":"standard","meta":{"_acf_changed":false,"footnotes":""},"categories":[2],"tags":[],"class_list":["post-7565","post","type-post","status-publish","format-standard","hentry","category-noticias"],"acf":[],"yoast_head":"<!-- This site is optimized with the Yoast SEO plugin v23.9 - https:\/\/yoast.com\/wordpress\/plugins\/seo\/ -->\n<title>Governo quer ligar ferrovia Vit\u00f3ria a Minas ao porto do A\u00e7u, diz ministro - AmstedMaxion<\/title>\n<meta name=\"robots\" content=\"index, follow, max-snippet:-1, max-image-preview:large, max-video-preview:-1\" \/>\n<link rel=\"canonical\" href=\"https:\/\/www.amstedmaxion.com.br\/governo-quer-ligar-ferrovia-vitoria-a-minas-ao-porto-do-acu-diz-ministro\/\" \/>\n<meta property=\"og:locale\" content=\"en_US\" \/>\n<meta property=\"og:type\" content=\"article\" \/>\n<meta property=\"og:title\" content=\"Governo quer ligar ferrovia Vit\u00f3ria a Minas ao porto do A\u00e7u, diz ministro - AmstedMaxion\" \/>\n<meta property=\"og:description\" content=\"O ministro de Infraestrutura, Tarc\u00edsio de Freitas, afirmou nesta segunda-feira, 24, que o governo tem planos para conectar a ferrovia Vit\u00f3ria a Minas, operada pela Vale, ao porto do A\u00e7u, passando pelo polo petroqu\u00edmico Comperj, ambos no Rio de Janeiro. Na semana passada, a Vale conseguiu com a Ag\u00eancia Nacional de Transportes Terrestres (ANTT) prorroga\u00e7\u00e3o [&hellip;]\" \/>\n<meta property=\"og:url\" content=\"https:\/\/www.amstedmaxion.com.br\/governo-quer-ligar-ferrovia-vitoria-a-minas-ao-porto-do-acu-diz-ministro\/\" \/>\n<meta property=\"og:site_name\" content=\"AmstedMaxion\" \/>\n<meta property=\"article:publisher\" content=\"https:\/\/www.facebook.com\/AmstedMaxion.Oficial\" \/>\n<meta property=\"article:published_time\" content=\"2019-06-26T19:35:48+00:00\" \/>\n<meta property=\"article:modified_time\" content=\"2021-07-27T12:08:19+00:00\" \/>\n<meta name=\"author\" content=\"Rosane Storto\" \/>\n<meta name=\"twitter:card\" content=\"summary_large_image\" \/>\n<meta name=\"twitter:label1\" content=\"Written by\" \/>\n\t<meta name=\"twitter:data1\" content=\"Rosane Storto\" \/>\n\t<meta name=\"twitter:label2\" content=\"Est. reading time\" \/>\n\t<meta name=\"twitter:data2\" content=\"2 minutes\" \/>\n<script type=\"application\/ld+json\" class=\"yoast-schema-graph\">{\"@context\":\"https:\/\/schema.org\",\"@graph\":[{\"@type\":\"Article\",\"@id\":\"https:\/\/www.amstedmaxion.com.br\/governo-quer-ligar-ferrovia-vitoria-a-minas-ao-porto-do-acu-diz-ministro\/#article\",\"isPartOf\":{\"@id\":\"https:\/\/www.amstedmaxion.com.br\/governo-quer-ligar-ferrovia-vitoria-a-minas-ao-porto-do-acu-diz-ministro\/\"},\"author\":{\"name\":\"Rosane Storto\",\"@id\":\"https:\/\/www.amstedmaxion.com.br\/#\/schema\/person\/140cb65f07d4e66dd5543c8a187bf436\"},\"headline\":\"Governo quer ligar ferrovia Vit\u00f3ria a Minas ao porto do A\u00e7u, diz ministro\",\"datePublished\":\"2019-06-26T19:35:48+00:00\",\"dateModified\":\"2021-07-27T12:08:19+00:00\",\"mainEntityOfPage\":{\"@id\":\"https:\/\/www.amstedmaxion.com.br\/governo-quer-ligar-ferrovia-vitoria-a-minas-ao-porto-do-acu-diz-ministro\/\"},\"wordCount\":412,\"commentCount\":0,\"publisher\":{\"@id\":\"https:\/\/www.amstedmaxion.com.br\/#organization\"},\"articleSection\":[\"Not\u00edcias da AmstedMaxion\"],\"inLanguage\":\"en-US\",\"potentialAction\":[{\"@type\":\"CommentAction\",\"name\":\"Comment\",\"target\":[\"https:\/\/www.amstedmaxion.com.br\/governo-quer-ligar-ferrovia-vitoria-a-minas-ao-porto-do-acu-diz-ministro\/#respond\"]}]},{\"@type\":\"WebPage\",\"@id\":\"https:\/\/www.amstedmaxion.com.br\/governo-quer-ligar-ferrovia-vitoria-a-minas-ao-porto-do-acu-diz-ministro\/\",\"url\":\"https:\/\/www.amstedmaxion.com.br\/governo-quer-ligar-ferrovia-vitoria-a-minas-ao-porto-do-acu-diz-ministro\/\",\"name\":\"Governo quer ligar ferrovia Vit\u00f3ria a Minas ao porto do A\u00e7u, diz ministro - AmstedMaxion\",\"isPartOf\":{\"@id\":\"https:\/\/www.amstedmaxion.com.br\/#website\"},\"datePublished\":\"2019-06-26T19:35:48+00:00\",\"dateModified\":\"2021-07-27T12:08:19+00:00\",\"breadcrumb\":{\"@id\":\"https:\/\/www.amstedmaxion.com.br\/governo-quer-ligar-ferrovia-vitoria-a-minas-ao-porto-do-acu-diz-ministro\/#breadcrumb\"},\"inLanguage\":\"en-US\",\"potentialAction\":[{\"@type\":\"ReadAction\",\"target\":[\"https:\/\/www.amstedmaxion.com.br\/governo-quer-ligar-ferrovia-vitoria-a-minas-ao-porto-do-acu-diz-ministro\/\"]}]},{\"@type\":\"BreadcrumbList\",\"@id\":\"https:\/\/www.amstedmaxion.com.br\/governo-quer-ligar-ferrovia-vitoria-a-minas-ao-porto-do-acu-diz-ministro\/#breadcrumb\",\"itemListElement\":[{\"@type\":\"ListItem\",\"position\":1,\"name\":\"In\u00edcio\",\"item\":\"https:\/\/www.amstedmaxion.com.br\/\"},{\"@type\":\"ListItem\",\"position\":2,\"name\":\"Governo quer ligar ferrovia Vit\u00f3ria a Minas ao porto do A\u00e7u, diz ministro\"}]},{\"@type\":\"WebSite\",\"@id\":\"https:\/\/www.amstedmaxion.com.br\/#website\",\"url\":\"https:\/\/www.amstedmaxion.com.br\/\",\"name\":\"AmstedMaxion\",\"description\":\"AmstedMaxion - Fundi\u00e7\u00e3o e Equipamentos Ferrovi\u00e1rios\",\"publisher\":{\"@id\":\"https:\/\/www.amstedmaxion.com.br\/#organization\"},\"alternateName\":\"AmstedMaxion\",\"potentialAction\":[{\"@type\":\"SearchAction\",\"target\":{\"@type\":\"EntryPoint\",\"urlTemplate\":\"https:\/\/www.amstedmaxion.com.br\/?s={search_term_string}\"},\"query-input\":{\"@type\":\"PropertyValueSpecification\",\"valueRequired\":true,\"valueName\":\"search_term_string\"}}],\"inLanguage\":\"en-US\"},{\"@type\":\"Organization\",\"@id\":\"https:\/\/www.amstedmaxion.com.br\/#organization\",\"name\":\"AMSTEDMAXION\",\"url\":\"https:\/\/www.amstedmaxion.com.br\/\",\"logo\":{\"@type\":\"ImageObject\",\"inLanguage\":\"en-US\",\"@id\":\"https:\/\/www.amstedmaxion.com.br\/#\/schema\/logo\/image\/\",\"url\":\"https:\/\/www.amstedmaxion.com.br\/wp-content\/uploads\/2023\/11\/amsted.png\",\"contentUrl\":\"https:\/\/www.amstedmaxion.com.br\/wp-content\/uploads\/2023\/11\/amsted.png\",\"width\":500,\"height\":500,\"caption\":\"AMSTEDMAXION\"},\"image\":{\"@id\":\"https:\/\/www.amstedmaxion.com.br\/#\/schema\/logo\/image\/\"},\"sameAs\":[\"https:\/\/www.facebook.com\/AmstedMaxion.Oficial\",\"https:\/\/br.linkedin.com\/company\/amstedmaxion\"]},{\"@type\":\"Person\",\"@id\":\"https:\/\/www.amstedmaxion.com.br\/#\/schema\/person\/140cb65f07d4e66dd5543c8a187bf436\",\"name\":\"Rosane Storto\",\"image\":{\"@type\":\"ImageObject\",\"inLanguage\":\"en-US\",\"@id\":\"https:\/\/www.amstedmaxion.com.br\/#\/schema\/person\/image\/\",\"url\":\"https:\/\/secure.gravatar.com\/avatar\/0e3d021545bbe593cb0eb3ee740544fefa86d59762e63dec1dbe9480a34c98cd?s=96&d=mm&r=g\",\"contentUrl\":\"https:\/\/secure.gravatar.com\/avatar\/0e3d021545bbe593cb0eb3ee740544fefa86d59762e63dec1dbe9480a34c98cd?s=96&d=mm&r=g\",\"caption\":\"Rosane Storto\"}}]}<\/script>\n<!-- \/ Yoast SEO plugin. -->","yoast_head_json":{"title":"Governo quer ligar ferrovia Vit\u00f3ria a Minas ao porto do A\u00e7u, diz ministro - AmstedMaxion","robots":{"index":"index","follow":"follow","max-snippet":"max-snippet:-1","max-image-preview":"max-image-preview:large","max-video-preview":"max-video-preview:-1"},"canonical":"https:\/\/www.amstedmaxion.com.br\/governo-quer-ligar-ferrovia-vitoria-a-minas-ao-porto-do-acu-diz-ministro\/","og_locale":"en_US","og_type":"article","og_title":"Governo quer ligar ferrovia Vit\u00f3ria a Minas ao porto do A\u00e7u, diz ministro - AmstedMaxion","og_description":"O ministro de Infraestrutura, Tarc\u00edsio de Freitas, afirmou nesta segunda-feira, 24, que o governo tem planos para conectar a ferrovia Vit\u00f3ria a Minas, operada pela Vale, ao porto do A\u00e7u, passando pelo polo petroqu\u00edmico Comperj, ambos no Rio de Janeiro. Na semana passada, a Vale conseguiu com a Ag\u00eancia Nacional de Transportes Terrestres (ANTT) prorroga\u00e7\u00e3o [&hellip;]","og_url":"https:\/\/www.amstedmaxion.com.br\/governo-quer-ligar-ferrovia-vitoria-a-minas-ao-porto-do-acu-diz-ministro\/","og_site_name":"AmstedMaxion","article_publisher":"https:\/\/www.facebook.com\/AmstedMaxion.Oficial","article_published_time":"2019-06-26T19:35:48+00:00","article_modified_time":"2021-07-27T12:08:19+00:00","author":"Rosane Storto","twitter_card":"summary_large_image","twitter_misc":{"Written by":"Rosane Storto","Est. reading time":"2 minutes"},"schema":{"@context":"https:\/\/schema.org","@graph":[{"@type":"Article","@id":"https:\/\/www.amstedmaxion.com.br\/governo-quer-ligar-ferrovia-vitoria-a-minas-ao-porto-do-acu-diz-ministro\/#article","isPartOf":{"@id":"https:\/\/www.amstedmaxion.com.br\/governo-quer-ligar-ferrovia-vitoria-a-minas-ao-porto-do-acu-diz-ministro\/"},"author":{"name":"Rosane Storto","@id":"https:\/\/www.amstedmaxion.com.br\/#\/schema\/person\/140cb65f07d4e66dd5543c8a187bf436"},"headline":"Governo quer ligar ferrovia Vit\u00f3ria a Minas ao porto do A\u00e7u, diz ministro","datePublished":"2019-06-26T19:35:48+00:00","dateModified":"2021-07-27T12:08:19+00:00","mainEntityOfPage":{"@id":"https:\/\/www.amstedmaxion.com.br\/governo-quer-ligar-ferrovia-vitoria-a-minas-ao-porto-do-acu-diz-ministro\/"},"wordCount":412,"commentCount":0,"publisher":{"@id":"https:\/\/www.amstedmaxion.com.br\/#organization"},"articleSection":["Not\u00edcias da AmstedMaxion"],"inLanguage":"en-US","potentialAction":[{"@type":"CommentAction","name":"Comment","target":["https:\/\/www.amstedmaxion.com.br\/governo-quer-ligar-ferrovia-vitoria-a-minas-ao-porto-do-acu-diz-ministro\/#respond"]}]},{"@type":"WebPage","@id":"https:\/\/www.amstedmaxion.com.br\/governo-quer-ligar-ferrovia-vitoria-a-minas-ao-porto-do-acu-diz-ministro\/","url":"https:\/\/www.amstedmaxion.com.br\/governo-quer-ligar-ferrovia-vitoria-a-minas-ao-porto-do-acu-diz-ministro\/","name":"Governo quer ligar ferrovia Vit\u00f3ria a Minas ao porto do A\u00e7u, diz ministro - AmstedMaxion","isPartOf":{"@id":"https:\/\/www.amstedmaxion.com.br\/#website"},"datePublished":"2019-06-26T19:35:48+00:00","dateModified":"2021-07-27T12:08:19+00:00","breadcrumb":{"@id":"https:\/\/www.amstedmaxion.com.br\/governo-quer-ligar-ferrovia-vitoria-a-minas-ao-porto-do-acu-diz-ministro\/#breadcrumb"},"inLanguage":"en-US","potentialAction":[{"@type":"ReadAction","target":["https:\/\/www.amstedmaxion.com.br\/governo-quer-ligar-ferrovia-vitoria-a-minas-ao-porto-do-acu-diz-ministro\/"]}]},{"@type":"BreadcrumbList","@id":"https:\/\/www.amstedmaxion.com.br\/governo-quer-ligar-ferrovia-vitoria-a-minas-ao-porto-do-acu-diz-ministro\/#breadcrumb","itemListElement":[{"@type":"ListItem","position":1,"name":"In\u00edcio","item":"https:\/\/www.amstedmaxion.com.br\/"},{"@type":"ListItem","position":2,"name":"Governo quer ligar ferrovia Vit\u00f3ria a Minas ao porto do A\u00e7u, diz ministro"}]},{"@type":"WebSite","@id":"https:\/\/www.amstedmaxion.com.br\/#website","url":"https:\/\/www.amstedmaxion.com.br\/","name":"AmstedMaxion","description":"AmstedMaxion - Fundi\u00e7\u00e3o e Equipamentos Ferrovi\u00e1rios","publisher":{"@id":"https:\/\/www.amstedmaxion.com.br\/#organization"},"alternateName":"AmstedMaxion","potentialAction":[{"@type":"SearchAction","target":{"@type":"EntryPoint","urlTemplate":"https:\/\/www.amstedmaxion.com.br\/?s={search_term_string}"},"query-input":{"@type":"PropertyValueSpecification","valueRequired":true,"valueName":"search_term_string"}}],"inLanguage":"en-US"},{"@type":"Organization","@id":"https:\/\/www.amstedmaxion.com.br\/#organization","name":"AMSTEDMAXION","url":"https:\/\/www.amstedmaxion.com.br\/","logo":{"@type":"ImageObject","inLanguage":"en-US","@id":"https:\/\/www.amstedmaxion.com.br\/#\/schema\/logo\/image\/","url":"https:\/\/www.amstedmaxion.com.br\/wp-content\/uploads\/2023\/11\/amsted.png","contentUrl":"https:\/\/www.amstedmaxion.com.br\/wp-content\/uploads\/2023\/11\/amsted.png","width":500,"height":500,"caption":"AMSTEDMAXION"},"image":{"@id":"https:\/\/www.amstedmaxion.com.br\/#\/schema\/logo\/image\/"},"sameAs":["https:\/\/www.facebook.com\/AmstedMaxion.Oficial","https:\/\/br.linkedin.com\/company\/amstedmaxion"]},{"@type":"Person","@id":"https:\/\/www.amstedmaxion.com.br\/#\/schema\/person\/140cb65f07d4e66dd5543c8a187bf436","name":"Rosane Storto","image":{"@type":"ImageObject","inLanguage":"en-US","@id":"https:\/\/www.amstedmaxion.com.br\/#\/schema\/person\/image\/","url":"https:\/\/secure.gravatar.com\/avatar\/0e3d021545bbe593cb0eb3ee740544fefa86d59762e63dec1dbe9480a34c98cd?s=96&d=mm&r=g","contentUrl":"https:\/\/secure.gravatar.com\/avatar\/0e3d021545bbe593cb0eb3ee740544fefa86d59762e63dec1dbe9480a34c98cd?s=96&d=mm&r=g","caption":"Rosane Storto"}}]}},"_links":{"self":[{"href":"https:\/\/www.amstedmaxion.com.br\/en\/wp-json\/wp\/v2\/posts\/7565","targetHints":{"allow":["GET"]}}],"collection":[{"href":"https:\/\/www.amstedmaxion.com.br\/en\/wp-json\/wp\/v2\/posts"}],"about":[{"href":"https:\/\/www.amstedmaxion.com.br\/en\/wp-json\/wp\/v2\/types\/post"}],"author":[{"embeddable":true,"href":"https:\/\/www.amstedmaxion.com.br\/en\/wp-json\/wp\/v2\/users\/5"}],"replies":[{"embeddable":true,"href":"https:\/\/www.amstedmaxion.com.br\/en\/wp-json\/wp\/v2\/comments?post=7565"}],"version-history":[{"count":1,"href":"https:\/\/www.amstedmaxion.com.br\/en\/wp-json\/wp\/v2\/posts\/7565\/revisions"}],"predecessor-version":[{"id":7567,"href":"https:\/\/www.amstedmaxion.com.br\/en\/wp-json\/wp\/v2\/posts\/7565\/revisions\/7567"}],"wp:attachment":[{"href":"https:\/\/www.amstedmaxion.com.br\/en\/wp-json\/wp\/v2\/media?parent=7565"}],"wp:term":[{"taxonomy":"category","embeddable":true,"href":"https:\/\/www.amstedmaxion.com.br\/en\/wp-json\/wp\/v2\/categories?post=7565"},{"taxonomy":"post_tag","embeddable":true,"href":"https:\/\/www.amstedmaxion.com.br\/en\/wp-json\/wp\/v2\/tags?post=7565"}],"curies":[{"name":"wp","href":"https:\/\/api.w.org\/{rel}","templated":true}]}}