{"id":7777,"date":"2019-07-10T15:11:54","date_gmt":"2019-07-10T18:11:54","guid":{"rendered":"http:\/\/www.amstedmaxion.com.br\/?p=7777"},"modified":"2021-07-27T09:06:08","modified_gmt":"2021-07-27T12:06:08","slug":"governo-do-parana-cogita-privatizar-a-ferroeste","status":"publish","type":"post","link":"https:\/\/www.amstedmaxion.com.br\/en\/governo-do-parana-cogita-privatizar-a-ferroeste\/","title":{"rendered":"Governo do Paran\u00e1 cogita privatizar a Ferroeste"},"content":{"rendered":"<p>&#8220;\u00c9 o jeito.&#8221; Assim o diretor-presidente da Ferroeste, Andr\u00e9 Luiz Gon\u00e7alves, respondeu quando foi questionado pela Gazeta do Povo sobre a possibilidade de vender as opera\u00e7\u00f5es da empresa estatal, respons\u00e1vel, entre outros neg\u00f3cios, por um ramal ferrovi\u00e1rio entre Cascavel e Guarapuava. Para ele, as perguntas a serem respondidas s\u00e3o como e quando. \u00c0 frente da gest\u00e3o, ele reconhece que o poder p\u00fablico n\u00e3o disp\u00f5e dos recursos necess\u00e1rios para fazer o que a iniciativa privada seria capaz de realizar, com resultados melhores.<\/p>\n<p>&nbsp;<\/p>\n<p>A empresa estatal n\u00e3o tem maquin\u00e1rio adequado nem a agilidade esperada na opera\u00e7\u00e3o. Segundo Gon\u00e7alves, est\u00e1 se virando com a estrutura dispon\u00edvel, que \u00e9 a mesma das gest\u00f5es anteriores, tanto de pessoal como de equipamentos. &#8220;Temos ativos muito antigos&#8221;, lamenta. Em 2015, a Ferroeste comprou equipamentos, mas eram todos usados e n\u00e3o puderam ser aproveitados a contento. O diretor-presidente comenta que n\u00e3o h\u00e1 perspectiva de novas aquisi\u00e7\u00f5es.<\/p>\n<p>&nbsp;<\/p>\n<p>A estatal opera usando menos de 20% da capacidade da linha f\u00e9rrea. Hoje a Ferroeste luta para n\u00e3o dar preju\u00edzo. Em todos os anos, desde o in\u00edcio da opera\u00e7\u00e3o, em 1996, a receita foi menor do que a despesa. Com algumas mudan\u00e7as pontuais na gest\u00e3o, 2019 pode ser o primeiro ano a fechar no azul. Os n\u00fameros at\u00e9 maio s\u00e3o positivos, apontando, por enquanto, para super\u00e1vit. Mas em 2018, por exemplo, foram R$ 13,7 milh\u00f5es negativos. Ao longo dos \u00faltimos 12 anos, foram R$ 115 milh\u00f5es acumulados de d\u00e9ficit. Nesse cen\u00e1rio, a perspectiva de dar lucro em 2019 \u00e9 animadora.<\/p>\n<p>&nbsp;<\/p>\n<p>Num paralelo pra l\u00e1 de antiquado, Gon\u00e7alves disse que a gest\u00e3o est\u00e1 focada em &#8220;enfeitar a noiva e a\u00ed botar para casar&#8221;. O diretor-presidente concorda que a Ferroeste est\u00e1 caminhando no mesmo sentido do que est\u00e1 acontecendo com a Infraero, estatal federal do setor aeroportu\u00e1rio que, ao longo dos \u00faltimos anos, foi cedendo para a iniciativa privada o direito de opera\u00e7\u00e3o dos principais aeroportos. &#8220;Melhor ser gestora de concess\u00f5es e subconcess\u00f5es e n\u00e3o operadora&#8221;, diz. Ele comenta ainda que o assunto privatiza\u00e7\u00e3o da Ferroeste foi discutido durante a transi\u00e7\u00e3o de gest\u00e3o, no final do ano passado. &#8220;Est\u00e1 na mesa do governador. \u00c9 uma decis\u00e3o de governo&#8221;, resume.<\/p>\n<p>&nbsp;<\/p>\n<p>Atualmente, a Ferroeste est\u00e1 encurralada. N\u00e3o cumpriu o papel de promover o desenvolvimento regional, ao n\u00e3o garantir o escoamento da safra agr\u00edcola da regi\u00e3o Oeste. Gon\u00e7alves lembra que um dos trechos mais produtivos do Paran\u00e1, a Oeste de Cascavel, n\u00e3o \u00e9 servido por ramais f\u00e9rreos. A estatal n\u00e3o tem capacidade de investimento nem poderia aumentar a malha, sob pena de n\u00e3o conseguir fazer a opera\u00e7\u00e3o.<\/p>\n<p>&nbsp;<\/p>\n<p>Sendo assim, a Ferroeste atualmente se concentra nas duas diretrizes que podem impulsion\u00e1-la: o estudo de viabilidade t\u00e9cnica da liga\u00e7\u00e3o Dourados(MS) &#8211; Paranagu\u00e1 e a proposta de um ramal ferrovi\u00e1rio de Foz de Igua\u00e7u a Cascavel. Um dos objetivos \u00e9 atrair cargas de outros estados brasileiros e de outros pa\u00edses, como a soja paraguaia. Atualmente, a maior parte da produ\u00e7\u00e3o do pa\u00eds vizinho desce o Rio Paran\u00e1 de barca\u00e7a. O transporte fluvial \u00e9 mais barato, mas normalmente as embarca\u00e7\u00f5es fazem o retorno vazias. Percorrem 2,2 mil quil\u00f4metros quando poderiam circular por 700 quil\u00f4metros, se o trajeto fosse feito de trem.<\/p>\n<p>&nbsp;<\/p>\n<p>A Gazeta do Povo questionou o governo do Paran\u00e1 sobre uma eventual privatiza\u00e7\u00e3o da Ferroeste. A resposta foi de que a possibilidade n\u00e3o est\u00e1 descartada, tendo em vista a &#8220;tend\u00eancia mundial de que as opera\u00e7\u00f5es fiquem no setor privado&#8221;. Sendo assim, &#8220;o governo avalia, sim, privatizar a Ferroeste, mas n\u00e3o sabemos quando isso ir\u00e1 acontecer&#8221;. Com rela\u00e7\u00e3o a outras empresas p\u00fablicas, como a Copel Telecom e a Compag\u00e1s, o governador Carlos Massa Ratinho Junior (PSD) j\u00e1 deixou clara a inten\u00e7\u00e3o de vender as opera\u00e7\u00f5es.<\/p>\n<p>&nbsp;<\/p>\n<p>Fonte: Correio do Povo<\/p>\n","protected":false},"excerpt":{"rendered":"<p>&#8220;\u00c9 o jeito.&#8221; Assim o diretor-presidente da Ferroeste, Andr\u00e9 Luiz Gon\u00e7alves, respondeu quando foi questionado pela Gazeta do Povo sobre a possibilidade de vender as opera\u00e7\u00f5es da empresa estatal, respons\u00e1vel, entre outros neg\u00f3cios, por um ramal ferrovi\u00e1rio entre Cascavel e Guarapuava. Para ele, as perguntas a serem respondidas s\u00e3o como e quando. \u00c0 frente da [&hellip;]<\/p>\n","protected":false},"author":5,"featured_media":0,"comment_status":"open","ping_status":"open","sticky":false,"template":"","format":"standard","meta":{"_acf_changed":false,"footnotes":""},"categories":[2],"tags":[],"class_list":["post-7777","post","type-post","status-publish","format-standard","hentry","category-noticias"],"acf":[],"yoast_head":"<!-- This site is optimized with the Yoast SEO plugin v23.9 - https:\/\/yoast.com\/wordpress\/plugins\/seo\/ -->\n<title>Governo do Paran\u00e1 cogita privatizar a Ferroeste - AmstedMaxion<\/title>\n<meta name=\"robots\" content=\"index, follow, max-snippet:-1, max-image-preview:large, max-video-preview:-1\" \/>\n<link rel=\"canonical\" href=\"https:\/\/www.amstedmaxion.com.br\/governo-do-parana-cogita-privatizar-a-ferroeste\/\" \/>\n<meta property=\"og:locale\" content=\"en_US\" \/>\n<meta property=\"og:type\" content=\"article\" \/>\n<meta property=\"og:title\" content=\"Governo do Paran\u00e1 cogita privatizar a Ferroeste - AmstedMaxion\" \/>\n<meta property=\"og:description\" content=\"&#8220;\u00c9 o jeito.&#8221; Assim o diretor-presidente da Ferroeste, Andr\u00e9 Luiz Gon\u00e7alves, respondeu quando foi questionado pela Gazeta do Povo sobre a possibilidade de vender as opera\u00e7\u00f5es da empresa estatal, respons\u00e1vel, entre outros neg\u00f3cios, por um ramal ferrovi\u00e1rio entre Cascavel e Guarapuava. Para ele, as perguntas a serem respondidas s\u00e3o como e quando. \u00c0 frente da [&hellip;]\" \/>\n<meta property=\"og:url\" content=\"https:\/\/www.amstedmaxion.com.br\/governo-do-parana-cogita-privatizar-a-ferroeste\/\" \/>\n<meta property=\"og:site_name\" content=\"AmstedMaxion\" \/>\n<meta property=\"article:publisher\" content=\"https:\/\/www.facebook.com\/AmstedMaxion.Oficial\" \/>\n<meta property=\"article:published_time\" content=\"2019-07-10T18:11:54+00:00\" \/>\n<meta property=\"article:modified_time\" content=\"2021-07-27T12:06:08+00:00\" \/>\n<meta name=\"author\" content=\"Rosane Storto\" \/>\n<meta name=\"twitter:card\" content=\"summary_large_image\" \/>\n<meta name=\"twitter:label1\" content=\"Written by\" \/>\n\t<meta name=\"twitter:data1\" content=\"Rosane Storto\" \/>\n\t<meta name=\"twitter:label2\" content=\"Est. reading time\" \/>\n\t<meta name=\"twitter:data2\" content=\"3 minutes\" \/>\n<script type=\"application\/ld+json\" class=\"yoast-schema-graph\">{\"@context\":\"https:\/\/schema.org\",\"@graph\":[{\"@type\":\"Article\",\"@id\":\"https:\/\/www.amstedmaxion.com.br\/governo-do-parana-cogita-privatizar-a-ferroeste\/#article\",\"isPartOf\":{\"@id\":\"https:\/\/www.amstedmaxion.com.br\/governo-do-parana-cogita-privatizar-a-ferroeste\/\"},\"author\":{\"name\":\"Rosane Storto\",\"@id\":\"https:\/\/www.amstedmaxion.com.br\/#\/schema\/person\/140cb65f07d4e66dd5543c8a187bf436\"},\"headline\":\"Governo do Paran\u00e1 cogita privatizar a Ferroeste\",\"datePublished\":\"2019-07-10T18:11:54+00:00\",\"dateModified\":\"2021-07-27T12:06:08+00:00\",\"mainEntityOfPage\":{\"@id\":\"https:\/\/www.amstedmaxion.com.br\/governo-do-parana-cogita-privatizar-a-ferroeste\/\"},\"wordCount\":681,\"commentCount\":0,\"publisher\":{\"@id\":\"https:\/\/www.amstedmaxion.com.br\/#organization\"},\"articleSection\":[\"Not\u00edcias da AmstedMaxion\"],\"inLanguage\":\"en-US\",\"potentialAction\":[{\"@type\":\"CommentAction\",\"name\":\"Comment\",\"target\":[\"https:\/\/www.amstedmaxion.com.br\/governo-do-parana-cogita-privatizar-a-ferroeste\/#respond\"]}]},{\"@type\":\"WebPage\",\"@id\":\"https:\/\/www.amstedmaxion.com.br\/governo-do-parana-cogita-privatizar-a-ferroeste\/\",\"url\":\"https:\/\/www.amstedmaxion.com.br\/governo-do-parana-cogita-privatizar-a-ferroeste\/\",\"name\":\"Governo do Paran\u00e1 cogita privatizar a Ferroeste - AmstedMaxion\",\"isPartOf\":{\"@id\":\"https:\/\/www.amstedmaxion.com.br\/#website\"},\"datePublished\":\"2019-07-10T18:11:54+00:00\",\"dateModified\":\"2021-07-27T12:06:08+00:00\",\"breadcrumb\":{\"@id\":\"https:\/\/www.amstedmaxion.com.br\/governo-do-parana-cogita-privatizar-a-ferroeste\/#breadcrumb\"},\"inLanguage\":\"en-US\",\"potentialAction\":[{\"@type\":\"ReadAction\",\"target\":[\"https:\/\/www.amstedmaxion.com.br\/governo-do-parana-cogita-privatizar-a-ferroeste\/\"]}]},{\"@type\":\"BreadcrumbList\",\"@id\":\"https:\/\/www.amstedmaxion.com.br\/governo-do-parana-cogita-privatizar-a-ferroeste\/#breadcrumb\",\"itemListElement\":[{\"@type\":\"ListItem\",\"position\":1,\"name\":\"In\u00edcio\",\"item\":\"https:\/\/www.amstedmaxion.com.br\/\"},{\"@type\":\"ListItem\",\"position\":2,\"name\":\"Governo do Paran\u00e1 cogita privatizar a Ferroeste\"}]},{\"@type\":\"WebSite\",\"@id\":\"https:\/\/www.amstedmaxion.com.br\/#website\",\"url\":\"https:\/\/www.amstedmaxion.com.br\/\",\"name\":\"AmstedMaxion\",\"description\":\"AmstedMaxion - Fundi\u00e7\u00e3o e Equipamentos Ferrovi\u00e1rios\",\"publisher\":{\"@id\":\"https:\/\/www.amstedmaxion.com.br\/#organization\"},\"alternateName\":\"AmstedMaxion\",\"potentialAction\":[{\"@type\":\"SearchAction\",\"target\":{\"@type\":\"EntryPoint\",\"urlTemplate\":\"https:\/\/www.amstedmaxion.com.br\/?s={search_term_string}\"},\"query-input\":{\"@type\":\"PropertyValueSpecification\",\"valueRequired\":true,\"valueName\":\"search_term_string\"}}],\"inLanguage\":\"en-US\"},{\"@type\":\"Organization\",\"@id\":\"https:\/\/www.amstedmaxion.com.br\/#organization\",\"name\":\"AMSTEDMAXION\",\"url\":\"https:\/\/www.amstedmaxion.com.br\/\",\"logo\":{\"@type\":\"ImageObject\",\"inLanguage\":\"en-US\",\"@id\":\"https:\/\/www.amstedmaxion.com.br\/#\/schema\/logo\/image\/\",\"url\":\"https:\/\/www.amstedmaxion.com.br\/wp-content\/uploads\/2023\/11\/amsted.png\",\"contentUrl\":\"https:\/\/www.amstedmaxion.com.br\/wp-content\/uploads\/2023\/11\/amsted.png\",\"width\":500,\"height\":500,\"caption\":\"AMSTEDMAXION\"},\"image\":{\"@id\":\"https:\/\/www.amstedmaxion.com.br\/#\/schema\/logo\/image\/\"},\"sameAs\":[\"https:\/\/www.facebook.com\/AmstedMaxion.Oficial\",\"https:\/\/br.linkedin.com\/company\/amstedmaxion\"]},{\"@type\":\"Person\",\"@id\":\"https:\/\/www.amstedmaxion.com.br\/#\/schema\/person\/140cb65f07d4e66dd5543c8a187bf436\",\"name\":\"Rosane Storto\",\"image\":{\"@type\":\"ImageObject\",\"inLanguage\":\"en-US\",\"@id\":\"https:\/\/www.amstedmaxion.com.br\/#\/schema\/person\/image\/\",\"url\":\"https:\/\/secure.gravatar.com\/avatar\/0e3d021545bbe593cb0eb3ee740544fefa86d59762e63dec1dbe9480a34c98cd?s=96&d=mm&r=g\",\"contentUrl\":\"https:\/\/secure.gravatar.com\/avatar\/0e3d021545bbe593cb0eb3ee740544fefa86d59762e63dec1dbe9480a34c98cd?s=96&d=mm&r=g\",\"caption\":\"Rosane Storto\"}}]}<\/script>\n<!-- \/ Yoast SEO plugin. -->","yoast_head_json":{"title":"Governo do Paran\u00e1 cogita privatizar a Ferroeste - AmstedMaxion","robots":{"index":"index","follow":"follow","max-snippet":"max-snippet:-1","max-image-preview":"max-image-preview:large","max-video-preview":"max-video-preview:-1"},"canonical":"https:\/\/www.amstedmaxion.com.br\/governo-do-parana-cogita-privatizar-a-ferroeste\/","og_locale":"en_US","og_type":"article","og_title":"Governo do Paran\u00e1 cogita privatizar a Ferroeste - AmstedMaxion","og_description":"&#8220;\u00c9 o jeito.&#8221; Assim o diretor-presidente da Ferroeste, Andr\u00e9 Luiz Gon\u00e7alves, respondeu quando foi questionado pela Gazeta do Povo sobre a possibilidade de vender as opera\u00e7\u00f5es da empresa estatal, respons\u00e1vel, entre outros neg\u00f3cios, por um ramal ferrovi\u00e1rio entre Cascavel e Guarapuava. Para ele, as perguntas a serem respondidas s\u00e3o como e quando. \u00c0 frente da [&hellip;]","og_url":"https:\/\/www.amstedmaxion.com.br\/governo-do-parana-cogita-privatizar-a-ferroeste\/","og_site_name":"AmstedMaxion","article_publisher":"https:\/\/www.facebook.com\/AmstedMaxion.Oficial","article_published_time":"2019-07-10T18:11:54+00:00","article_modified_time":"2021-07-27T12:06:08+00:00","author":"Rosane Storto","twitter_card":"summary_large_image","twitter_misc":{"Written by":"Rosane Storto","Est. reading time":"3 minutes"},"schema":{"@context":"https:\/\/schema.org","@graph":[{"@type":"Article","@id":"https:\/\/www.amstedmaxion.com.br\/governo-do-parana-cogita-privatizar-a-ferroeste\/#article","isPartOf":{"@id":"https:\/\/www.amstedmaxion.com.br\/governo-do-parana-cogita-privatizar-a-ferroeste\/"},"author":{"name":"Rosane Storto","@id":"https:\/\/www.amstedmaxion.com.br\/#\/schema\/person\/140cb65f07d4e66dd5543c8a187bf436"},"headline":"Governo do Paran\u00e1 cogita privatizar a Ferroeste","datePublished":"2019-07-10T18:11:54+00:00","dateModified":"2021-07-27T12:06:08+00:00","mainEntityOfPage":{"@id":"https:\/\/www.amstedmaxion.com.br\/governo-do-parana-cogita-privatizar-a-ferroeste\/"},"wordCount":681,"commentCount":0,"publisher":{"@id":"https:\/\/www.amstedmaxion.com.br\/#organization"},"articleSection":["Not\u00edcias da AmstedMaxion"],"inLanguage":"en-US","potentialAction":[{"@type":"CommentAction","name":"Comment","target":["https:\/\/www.amstedmaxion.com.br\/governo-do-parana-cogita-privatizar-a-ferroeste\/#respond"]}]},{"@type":"WebPage","@id":"https:\/\/www.amstedmaxion.com.br\/governo-do-parana-cogita-privatizar-a-ferroeste\/","url":"https:\/\/www.amstedmaxion.com.br\/governo-do-parana-cogita-privatizar-a-ferroeste\/","name":"Governo do Paran\u00e1 cogita privatizar a Ferroeste - AmstedMaxion","isPartOf":{"@id":"https:\/\/www.amstedmaxion.com.br\/#website"},"datePublished":"2019-07-10T18:11:54+00:00","dateModified":"2021-07-27T12:06:08+00:00","breadcrumb":{"@id":"https:\/\/www.amstedmaxion.com.br\/governo-do-parana-cogita-privatizar-a-ferroeste\/#breadcrumb"},"inLanguage":"en-US","potentialAction":[{"@type":"ReadAction","target":["https:\/\/www.amstedmaxion.com.br\/governo-do-parana-cogita-privatizar-a-ferroeste\/"]}]},{"@type":"BreadcrumbList","@id":"https:\/\/www.amstedmaxion.com.br\/governo-do-parana-cogita-privatizar-a-ferroeste\/#breadcrumb","itemListElement":[{"@type":"ListItem","position":1,"name":"In\u00edcio","item":"https:\/\/www.amstedmaxion.com.br\/"},{"@type":"ListItem","position":2,"name":"Governo do Paran\u00e1 cogita privatizar a Ferroeste"}]},{"@type":"WebSite","@id":"https:\/\/www.amstedmaxion.com.br\/#website","url":"https:\/\/www.amstedmaxion.com.br\/","name":"AmstedMaxion","description":"AmstedMaxion - Fundi\u00e7\u00e3o e Equipamentos Ferrovi\u00e1rios","publisher":{"@id":"https:\/\/www.amstedmaxion.com.br\/#organization"},"alternateName":"AmstedMaxion","potentialAction":[{"@type":"SearchAction","target":{"@type":"EntryPoint","urlTemplate":"https:\/\/www.amstedmaxion.com.br\/?s={search_term_string}"},"query-input":{"@type":"PropertyValueSpecification","valueRequired":true,"valueName":"search_term_string"}}],"inLanguage":"en-US"},{"@type":"Organization","@id":"https:\/\/www.amstedmaxion.com.br\/#organization","name":"AMSTEDMAXION","url":"https:\/\/www.amstedmaxion.com.br\/","logo":{"@type":"ImageObject","inLanguage":"en-US","@id":"https:\/\/www.amstedmaxion.com.br\/#\/schema\/logo\/image\/","url":"https:\/\/www.amstedmaxion.com.br\/wp-content\/uploads\/2023\/11\/amsted.png","contentUrl":"https:\/\/www.amstedmaxion.com.br\/wp-content\/uploads\/2023\/11\/amsted.png","width":500,"height":500,"caption":"AMSTEDMAXION"},"image":{"@id":"https:\/\/www.amstedmaxion.com.br\/#\/schema\/logo\/image\/"},"sameAs":["https:\/\/www.facebook.com\/AmstedMaxion.Oficial","https:\/\/br.linkedin.com\/company\/amstedmaxion"]},{"@type":"Person","@id":"https:\/\/www.amstedmaxion.com.br\/#\/schema\/person\/140cb65f07d4e66dd5543c8a187bf436","name":"Rosane Storto","image":{"@type":"ImageObject","inLanguage":"en-US","@id":"https:\/\/www.amstedmaxion.com.br\/#\/schema\/person\/image\/","url":"https:\/\/secure.gravatar.com\/avatar\/0e3d021545bbe593cb0eb3ee740544fefa86d59762e63dec1dbe9480a34c98cd?s=96&d=mm&r=g","contentUrl":"https:\/\/secure.gravatar.com\/avatar\/0e3d021545bbe593cb0eb3ee740544fefa86d59762e63dec1dbe9480a34c98cd?s=96&d=mm&r=g","caption":"Rosane Storto"}}]}},"_links":{"self":[{"href":"https:\/\/www.amstedmaxion.com.br\/en\/wp-json\/wp\/v2\/posts\/7777","targetHints":{"allow":["GET"]}}],"collection":[{"href":"https:\/\/www.amstedmaxion.com.br\/en\/wp-json\/wp\/v2\/posts"}],"about":[{"href":"https:\/\/www.amstedmaxion.com.br\/en\/wp-json\/wp\/v2\/types\/post"}],"author":[{"embeddable":true,"href":"https:\/\/www.amstedmaxion.com.br\/en\/wp-json\/wp\/v2\/users\/5"}],"replies":[{"embeddable":true,"href":"https:\/\/www.amstedmaxion.com.br\/en\/wp-json\/wp\/v2\/comments?post=7777"}],"version-history":[{"count":1,"href":"https:\/\/www.amstedmaxion.com.br\/en\/wp-json\/wp\/v2\/posts\/7777\/revisions"}],"predecessor-version":[{"id":7779,"href":"https:\/\/www.amstedmaxion.com.br\/en\/wp-json\/wp\/v2\/posts\/7777\/revisions\/7779"}],"wp:attachment":[{"href":"https:\/\/www.amstedmaxion.com.br\/en\/wp-json\/wp\/v2\/media?parent=7777"}],"wp:term":[{"taxonomy":"category","embeddable":true,"href":"https:\/\/www.amstedmaxion.com.br\/en\/wp-json\/wp\/v2\/categories?post=7777"},{"taxonomy":"post_tag","embeddable":true,"href":"https:\/\/www.amstedmaxion.com.br\/en\/wp-json\/wp\/v2\/tags?post=7777"}],"curies":[{"name":"wp","href":"https:\/\/api.w.org\/{rel}","templated":true}]}}