{"id":7805,"date":"2019-07-12T15:50:22","date_gmt":"2019-07-12T18:50:22","guid":{"rendered":"http:\/\/www.amstedmaxion.com.br\/?p=7805"},"modified":"2021-07-27T09:05:39","modified_gmt":"2021-07-27T12:05:39","slug":"ministro-da-infraestrutura-anuncia-contrato-da-retomada-do-setor-ferroviario","status":"publish","type":"post","link":"https:\/\/www.amstedmaxion.com.br\/en\/ministro-da-infraestrutura-anuncia-contrato-da-retomada-do-setor-ferroviario\/","title":{"rendered":"Ministro da Infraestrutura anuncia contrato da \u201cretomada do setor ferrovi\u00e1rio\u201d"},"content":{"rendered":"<p>Ministro da Infraestrutura, Tarc\u00edsio Freitas anunciou, nesta quarta-feira (10), a data de assinatura do contrato da Ferrovia Norte-Sul. Ser\u00e1 dia 31 de julho, em An\u00e1polis (GO), no anivers\u00e1rio da cidade, com a presen\u00e7a do ministro e do presidente Jair Bolsonaro e, claro, dos representantes da Rumo, vencedora do leil\u00e3o de concess\u00e3o do contrato da Ferrovia Norte-Sul, que liga um trecho de 1.537 km de Estrela d\u2019Oeste (SP) a Porto Nacional (TO).<\/p>\n<p>&nbsp;<\/p>\n<p>\u00c9 a retomada do setor ferrovi\u00e1rio no Brasil. Vamos ver opera\u00e7\u00e3o de verdade de carga geral, de commodities, vamos ter cont\u00eaineres\u201d, afirmou Tarc\u00edsio Freitas ao lado do governador de Goi\u00e1s, um sorridente Ronaldo Caiado (DEM). \u201cJ\u00e1 n\u00e3o acredit\u00e1vamos mais em uma ferrovia que pudesse trazer tranquilidade para n\u00f3s\u201d, disse Caiado.<\/p>\n<p>&nbsp;<\/p>\n<p>Fonte: Gazeta do Povo<\/p>\n","protected":false},"excerpt":{"rendered":"<p>Ministro da Infraestrutura, Tarc\u00edsio Freitas anunciou, nesta quarta-feira (10), a data de assinatura do contrato da Ferrovia Norte-Sul. Ser\u00e1 dia 31 de julho, em An\u00e1polis (GO), no anivers\u00e1rio da cidade, com a presen\u00e7a do ministro e do presidente Jair Bolsonaro e, claro, dos representantes da Rumo, vencedora do leil\u00e3o de concess\u00e3o do contrato da Ferrovia [&hellip;]<\/p>\n","protected":false},"author":5,"featured_media":0,"comment_status":"open","ping_status":"open","sticky":false,"template":"","format":"standard","meta":{"_acf_changed":false,"footnotes":""},"categories":[2],"tags":[],"class_list":["post-7805","post","type-post","status-publish","format-standard","hentry","category-noticias"],"acf":[],"yoast_head":"<!-- This site is optimized with the Yoast SEO plugin v23.9 - https:\/\/yoast.com\/wordpress\/plugins\/seo\/ -->\n<title>Ministro da Infraestrutura anuncia contrato da \u201cretomada do setor ferrovi\u00e1rio\u201d - AmstedMaxion<\/title>\n<meta name=\"robots\" content=\"index, follow, max-snippet:-1, max-image-preview:large, max-video-preview:-1\" \/>\n<link rel=\"canonical\" href=\"https:\/\/www.amstedmaxion.com.br\/ministro-da-infraestrutura-anuncia-contrato-da-retomada-do-setor-ferroviario\/\" \/>\n<meta property=\"og:locale\" content=\"en_US\" \/>\n<meta property=\"og:type\" content=\"article\" \/>\n<meta property=\"og:title\" content=\"Ministro da Infraestrutura anuncia contrato da \u201cretomada do setor ferrovi\u00e1rio\u201d - AmstedMaxion\" \/>\n<meta property=\"og:description\" content=\"Ministro da Infraestrutura, Tarc\u00edsio Freitas anunciou, nesta quarta-feira (10), a data de assinatura do contrato da Ferrovia Norte-Sul. Ser\u00e1 dia 31 de julho, em An\u00e1polis (GO), no anivers\u00e1rio da cidade, com a presen\u00e7a do ministro e do presidente Jair Bolsonaro e, claro, dos representantes da Rumo, vencedora do leil\u00e3o de concess\u00e3o do contrato da Ferrovia [&hellip;]\" \/>\n<meta property=\"og:url\" content=\"https:\/\/www.amstedmaxion.com.br\/ministro-da-infraestrutura-anuncia-contrato-da-retomada-do-setor-ferroviario\/\" \/>\n<meta property=\"og:site_name\" content=\"AmstedMaxion\" \/>\n<meta property=\"article:publisher\" content=\"https:\/\/www.facebook.com\/AmstedMaxion.Oficial\" \/>\n<meta property=\"article:published_time\" content=\"2019-07-12T18:50:22+00:00\" \/>\n<meta property=\"article:modified_time\" content=\"2021-07-27T12:05:39+00:00\" \/>\n<meta name=\"author\" content=\"Rosane Storto\" \/>\n<meta name=\"twitter:card\" content=\"summary_large_image\" \/>\n<meta name=\"twitter:label1\" content=\"Written by\" \/>\n\t<meta name=\"twitter:data1\" content=\"Rosane Storto\" \/>\n\t<meta name=\"twitter:label2\" content=\"Est. reading time\" \/>\n\t<meta name=\"twitter:data2\" content=\"1 minute\" \/>\n<script type=\"application\/ld+json\" class=\"yoast-schema-graph\">{\"@context\":\"https:\/\/schema.org\",\"@graph\":[{\"@type\":\"Article\",\"@id\":\"https:\/\/www.amstedmaxion.com.br\/ministro-da-infraestrutura-anuncia-contrato-da-retomada-do-setor-ferroviario\/#article\",\"isPartOf\":{\"@id\":\"https:\/\/www.amstedmaxion.com.br\/ministro-da-infraestrutura-anuncia-contrato-da-retomada-do-setor-ferroviario\/\"},\"author\":{\"name\":\"Rosane Storto\",\"@id\":\"https:\/\/www.amstedmaxion.com.br\/#\/schema\/person\/140cb65f07d4e66dd5543c8a187bf436\"},\"headline\":\"Ministro da Infraestrutura anuncia contrato da \u201cretomada do setor ferrovi\u00e1rio\u201d\",\"datePublished\":\"2019-07-12T18:50:22+00:00\",\"dateModified\":\"2021-07-27T12:05:39+00:00\",\"mainEntityOfPage\":{\"@id\":\"https:\/\/www.amstedmaxion.com.br\/ministro-da-infraestrutura-anuncia-contrato-da-retomada-do-setor-ferroviario\/\"},\"wordCount\":149,\"commentCount\":0,\"publisher\":{\"@id\":\"https:\/\/www.amstedmaxion.com.br\/#organization\"},\"articleSection\":[\"Not\u00edcias da AmstedMaxion\"],\"inLanguage\":\"en-US\",\"potentialAction\":[{\"@type\":\"CommentAction\",\"name\":\"Comment\",\"target\":[\"https:\/\/www.amstedmaxion.com.br\/ministro-da-infraestrutura-anuncia-contrato-da-retomada-do-setor-ferroviario\/#respond\"]}]},{\"@type\":\"WebPage\",\"@id\":\"https:\/\/www.amstedmaxion.com.br\/ministro-da-infraestrutura-anuncia-contrato-da-retomada-do-setor-ferroviario\/\",\"url\":\"https:\/\/www.amstedmaxion.com.br\/ministro-da-infraestrutura-anuncia-contrato-da-retomada-do-setor-ferroviario\/\",\"name\":\"Ministro da Infraestrutura anuncia contrato da \u201cretomada do setor ferrovi\u00e1rio\u201d - AmstedMaxion\",\"isPartOf\":{\"@id\":\"https:\/\/www.amstedmaxion.com.br\/#website\"},\"datePublished\":\"2019-07-12T18:50:22+00:00\",\"dateModified\":\"2021-07-27T12:05:39+00:00\",\"breadcrumb\":{\"@id\":\"https:\/\/www.amstedmaxion.com.br\/ministro-da-infraestrutura-anuncia-contrato-da-retomada-do-setor-ferroviario\/#breadcrumb\"},\"inLanguage\":\"en-US\",\"potentialAction\":[{\"@type\":\"ReadAction\",\"target\":[\"https:\/\/www.amstedmaxion.com.br\/ministro-da-infraestrutura-anuncia-contrato-da-retomada-do-setor-ferroviario\/\"]}]},{\"@type\":\"BreadcrumbList\",\"@id\":\"https:\/\/www.amstedmaxion.com.br\/ministro-da-infraestrutura-anuncia-contrato-da-retomada-do-setor-ferroviario\/#breadcrumb\",\"itemListElement\":[{\"@type\":\"ListItem\",\"position\":1,\"name\":\"In\u00edcio\",\"item\":\"https:\/\/www.amstedmaxion.com.br\/\"},{\"@type\":\"ListItem\",\"position\":2,\"name\":\"Ministro da Infraestrutura anuncia contrato da \u201cretomada do setor ferrovi\u00e1rio\u201d\"}]},{\"@type\":\"WebSite\",\"@id\":\"https:\/\/www.amstedmaxion.com.br\/#website\",\"url\":\"https:\/\/www.amstedmaxion.com.br\/\",\"name\":\"AmstedMaxion\",\"description\":\"AmstedMaxion - Fundi\u00e7\u00e3o e Equipamentos Ferrovi\u00e1rios\",\"publisher\":{\"@id\":\"https:\/\/www.amstedmaxion.com.br\/#organization\"},\"alternateName\":\"AmstedMaxion\",\"potentialAction\":[{\"@type\":\"SearchAction\",\"target\":{\"@type\":\"EntryPoint\",\"urlTemplate\":\"https:\/\/www.amstedmaxion.com.br\/?s={search_term_string}\"},\"query-input\":{\"@type\":\"PropertyValueSpecification\",\"valueRequired\":true,\"valueName\":\"search_term_string\"}}],\"inLanguage\":\"en-US\"},{\"@type\":\"Organization\",\"@id\":\"https:\/\/www.amstedmaxion.com.br\/#organization\",\"name\":\"AMSTEDMAXION\",\"url\":\"https:\/\/www.amstedmaxion.com.br\/\",\"logo\":{\"@type\":\"ImageObject\",\"inLanguage\":\"en-US\",\"@id\":\"https:\/\/www.amstedmaxion.com.br\/#\/schema\/logo\/image\/\",\"url\":\"https:\/\/www.amstedmaxion.com.br\/wp-content\/uploads\/2023\/11\/amsted.png\",\"contentUrl\":\"https:\/\/www.amstedmaxion.com.br\/wp-content\/uploads\/2023\/11\/amsted.png\",\"width\":500,\"height\":500,\"caption\":\"AMSTEDMAXION\"},\"image\":{\"@id\":\"https:\/\/www.amstedmaxion.com.br\/#\/schema\/logo\/image\/\"},\"sameAs\":[\"https:\/\/www.facebook.com\/AmstedMaxion.Oficial\",\"https:\/\/br.linkedin.com\/company\/amstedmaxion\"]},{\"@type\":\"Person\",\"@id\":\"https:\/\/www.amstedmaxion.com.br\/#\/schema\/person\/140cb65f07d4e66dd5543c8a187bf436\",\"name\":\"Rosane Storto\",\"image\":{\"@type\":\"ImageObject\",\"inLanguage\":\"en-US\",\"@id\":\"https:\/\/www.amstedmaxion.com.br\/#\/schema\/person\/image\/\",\"url\":\"https:\/\/secure.gravatar.com\/avatar\/0e3d021545bbe593cb0eb3ee740544fefa86d59762e63dec1dbe9480a34c98cd?s=96&d=mm&r=g\",\"contentUrl\":\"https:\/\/secure.gravatar.com\/avatar\/0e3d021545bbe593cb0eb3ee740544fefa86d59762e63dec1dbe9480a34c98cd?s=96&d=mm&r=g\",\"caption\":\"Rosane Storto\"}}]}<\/script>\n<!-- \/ Yoast SEO plugin. -->","yoast_head_json":{"title":"Ministro da Infraestrutura anuncia contrato da \u201cretomada do setor ferrovi\u00e1rio\u201d - AmstedMaxion","robots":{"index":"index","follow":"follow","max-snippet":"max-snippet:-1","max-image-preview":"max-image-preview:large","max-video-preview":"max-video-preview:-1"},"canonical":"https:\/\/www.amstedmaxion.com.br\/ministro-da-infraestrutura-anuncia-contrato-da-retomada-do-setor-ferroviario\/","og_locale":"en_US","og_type":"article","og_title":"Ministro da Infraestrutura anuncia contrato da \u201cretomada do setor ferrovi\u00e1rio\u201d - AmstedMaxion","og_description":"Ministro da Infraestrutura, Tarc\u00edsio Freitas anunciou, nesta quarta-feira (10), a data de assinatura do contrato da Ferrovia Norte-Sul. Ser\u00e1 dia 31 de julho, em An\u00e1polis (GO), no anivers\u00e1rio da cidade, com a presen\u00e7a do ministro e do presidente Jair Bolsonaro e, claro, dos representantes da Rumo, vencedora do leil\u00e3o de concess\u00e3o do contrato da Ferrovia [&hellip;]","og_url":"https:\/\/www.amstedmaxion.com.br\/ministro-da-infraestrutura-anuncia-contrato-da-retomada-do-setor-ferroviario\/","og_site_name":"AmstedMaxion","article_publisher":"https:\/\/www.facebook.com\/AmstedMaxion.Oficial","article_published_time":"2019-07-12T18:50:22+00:00","article_modified_time":"2021-07-27T12:05:39+00:00","author":"Rosane Storto","twitter_card":"summary_large_image","twitter_misc":{"Written by":"Rosane Storto","Est. reading time":"1 minute"},"schema":{"@context":"https:\/\/schema.org","@graph":[{"@type":"Article","@id":"https:\/\/www.amstedmaxion.com.br\/ministro-da-infraestrutura-anuncia-contrato-da-retomada-do-setor-ferroviario\/#article","isPartOf":{"@id":"https:\/\/www.amstedmaxion.com.br\/ministro-da-infraestrutura-anuncia-contrato-da-retomada-do-setor-ferroviario\/"},"author":{"name":"Rosane Storto","@id":"https:\/\/www.amstedmaxion.com.br\/#\/schema\/person\/140cb65f07d4e66dd5543c8a187bf436"},"headline":"Ministro da Infraestrutura anuncia contrato da \u201cretomada do setor ferrovi\u00e1rio\u201d","datePublished":"2019-07-12T18:50:22+00:00","dateModified":"2021-07-27T12:05:39+00:00","mainEntityOfPage":{"@id":"https:\/\/www.amstedmaxion.com.br\/ministro-da-infraestrutura-anuncia-contrato-da-retomada-do-setor-ferroviario\/"},"wordCount":149,"commentCount":0,"publisher":{"@id":"https:\/\/www.amstedmaxion.com.br\/#organization"},"articleSection":["Not\u00edcias da AmstedMaxion"],"inLanguage":"en-US","potentialAction":[{"@type":"CommentAction","name":"Comment","target":["https:\/\/www.amstedmaxion.com.br\/ministro-da-infraestrutura-anuncia-contrato-da-retomada-do-setor-ferroviario\/#respond"]}]},{"@type":"WebPage","@id":"https:\/\/www.amstedmaxion.com.br\/ministro-da-infraestrutura-anuncia-contrato-da-retomada-do-setor-ferroviario\/","url":"https:\/\/www.amstedmaxion.com.br\/ministro-da-infraestrutura-anuncia-contrato-da-retomada-do-setor-ferroviario\/","name":"Ministro da Infraestrutura anuncia contrato da \u201cretomada do setor ferrovi\u00e1rio\u201d - AmstedMaxion","isPartOf":{"@id":"https:\/\/www.amstedmaxion.com.br\/#website"},"datePublished":"2019-07-12T18:50:22+00:00","dateModified":"2021-07-27T12:05:39+00:00","breadcrumb":{"@id":"https:\/\/www.amstedmaxion.com.br\/ministro-da-infraestrutura-anuncia-contrato-da-retomada-do-setor-ferroviario\/#breadcrumb"},"inLanguage":"en-US","potentialAction":[{"@type":"ReadAction","target":["https:\/\/www.amstedmaxion.com.br\/ministro-da-infraestrutura-anuncia-contrato-da-retomada-do-setor-ferroviario\/"]}]},{"@type":"BreadcrumbList","@id":"https:\/\/www.amstedmaxion.com.br\/ministro-da-infraestrutura-anuncia-contrato-da-retomada-do-setor-ferroviario\/#breadcrumb","itemListElement":[{"@type":"ListItem","position":1,"name":"In\u00edcio","item":"https:\/\/www.amstedmaxion.com.br\/"},{"@type":"ListItem","position":2,"name":"Ministro da Infraestrutura anuncia contrato da \u201cretomada do setor ferrovi\u00e1rio\u201d"}]},{"@type":"WebSite","@id":"https:\/\/www.amstedmaxion.com.br\/#website","url":"https:\/\/www.amstedmaxion.com.br\/","name":"AmstedMaxion","description":"AmstedMaxion - Fundi\u00e7\u00e3o e Equipamentos Ferrovi\u00e1rios","publisher":{"@id":"https:\/\/www.amstedmaxion.com.br\/#organization"},"alternateName":"AmstedMaxion","potentialAction":[{"@type":"SearchAction","target":{"@type":"EntryPoint","urlTemplate":"https:\/\/www.amstedmaxion.com.br\/?s={search_term_string}"},"query-input":{"@type":"PropertyValueSpecification","valueRequired":true,"valueName":"search_term_string"}}],"inLanguage":"en-US"},{"@type":"Organization","@id":"https:\/\/www.amstedmaxion.com.br\/#organization","name":"AMSTEDMAXION","url":"https:\/\/www.amstedmaxion.com.br\/","logo":{"@type":"ImageObject","inLanguage":"en-US","@id":"https:\/\/www.amstedmaxion.com.br\/#\/schema\/logo\/image\/","url":"https:\/\/www.amstedmaxion.com.br\/wp-content\/uploads\/2023\/11\/amsted.png","contentUrl":"https:\/\/www.amstedmaxion.com.br\/wp-content\/uploads\/2023\/11\/amsted.png","width":500,"height":500,"caption":"AMSTEDMAXION"},"image":{"@id":"https:\/\/www.amstedmaxion.com.br\/#\/schema\/logo\/image\/"},"sameAs":["https:\/\/www.facebook.com\/AmstedMaxion.Oficial","https:\/\/br.linkedin.com\/company\/amstedmaxion"]},{"@type":"Person","@id":"https:\/\/www.amstedmaxion.com.br\/#\/schema\/person\/140cb65f07d4e66dd5543c8a187bf436","name":"Rosane Storto","image":{"@type":"ImageObject","inLanguage":"en-US","@id":"https:\/\/www.amstedmaxion.com.br\/#\/schema\/person\/image\/","url":"https:\/\/secure.gravatar.com\/avatar\/0e3d021545bbe593cb0eb3ee740544fefa86d59762e63dec1dbe9480a34c98cd?s=96&d=mm&r=g","contentUrl":"https:\/\/secure.gravatar.com\/avatar\/0e3d021545bbe593cb0eb3ee740544fefa86d59762e63dec1dbe9480a34c98cd?s=96&d=mm&r=g","caption":"Rosane Storto"}}]}},"_links":{"self":[{"href":"https:\/\/www.amstedmaxion.com.br\/en\/wp-json\/wp\/v2\/posts\/7805","targetHints":{"allow":["GET"]}}],"collection":[{"href":"https:\/\/www.amstedmaxion.com.br\/en\/wp-json\/wp\/v2\/posts"}],"about":[{"href":"https:\/\/www.amstedmaxion.com.br\/en\/wp-json\/wp\/v2\/types\/post"}],"author":[{"embeddable":true,"href":"https:\/\/www.amstedmaxion.com.br\/en\/wp-json\/wp\/v2\/users\/5"}],"replies":[{"embeddable":true,"href":"https:\/\/www.amstedmaxion.com.br\/en\/wp-json\/wp\/v2\/comments?post=7805"}],"version-history":[{"count":1,"href":"https:\/\/www.amstedmaxion.com.br\/en\/wp-json\/wp\/v2\/posts\/7805\/revisions"}],"predecessor-version":[{"id":7806,"href":"https:\/\/www.amstedmaxion.com.br\/en\/wp-json\/wp\/v2\/posts\/7805\/revisions\/7806"}],"wp:attachment":[{"href":"https:\/\/www.amstedmaxion.com.br\/en\/wp-json\/wp\/v2\/media?parent=7805"}],"wp:term":[{"taxonomy":"category","embeddable":true,"href":"https:\/\/www.amstedmaxion.com.br\/en\/wp-json\/wp\/v2\/categories?post=7805"},{"taxonomy":"post_tag","embeddable":true,"href":"https:\/\/www.amstedmaxion.com.br\/en\/wp-json\/wp\/v2\/tags?post=7805"}],"curies":[{"name":"wp","href":"https:\/\/api.w.org\/{rel}","templated":true}]}}