{"id":7807,"date":"2019-07-15T15:52:35","date_gmt":"2019-07-15T18:52:35","guid":{"rendered":"http:\/\/www.amstedmaxion.com.br\/?p=7807"},"modified":"2019-07-15T15:52:35","modified_gmt":"2019-07-15T18:52:35","slug":"ferrovias-vao-elevar-fatia-na-matriz-de-15-para-30-ate-2025-diz-ministro","status":"publish","type":"post","link":"https:\/\/www.amstedmaxion.com.br\/en\/ferrovias-vao-elevar-fatia-na-matriz-de-15-para-30-ate-2025-diz-ministro\/","title":{"rendered":"Ferrovias v\u00e3o elevar fatia na matriz de 15% para 30% at\u00e9 2025, diz ministro"},"content":{"rendered":"<p>O ministro da Infraestrutura, Tarc\u00edsio de Freitas, disse que a participa\u00e7\u00e3o das ferrovias na matriz de transportes do Pa\u00eds deve aumentar dos atuais 15% para 30% at\u00e9 2025. Segundo ele, isso se deve a uma s\u00e9rie de investimentos e concess\u00f5es no setor, entre as quais o leil\u00e3o do trecho entre Porto Nacional (TO) e Estrela D&#8217;Oeste (SP) da Norte-Sul, vencido pela Rumo. Considerado &#8220;hist\u00f3rico&#8221; pelo ministro, o leil\u00e3o foi realizado no primeiro semestre deste ano.<\/p>\n<p>&nbsp;<\/p>\n<p>Ele citou ainda projetos propostos para o futuro, como a Ferrogr\u00e3o e a Fiol (Ilh\u00e9us a Caetit\u00e9), ambas em estudo; a Fico (\u00c1gua Boa a Mara Rosa); e a ferrovia Rio &#8211; Vit\u00f3ria, as duas em an\u00e1lise pelo Tribunal de Contas da Uni\u00e3o (TCU); e as prorroga\u00e7\u00f5es da malha paulista e da estrada de ferro Caraj\u00e1s, estrada de ferro Vit\u00f3ria Minas, a MRS e a ferrovia Centro-Atl\u00e2ntica.<\/p>\n<p>&nbsp;<\/p>\n<p>&#8220;Vamos aumentar participa\u00e7\u00e3o dos 15% para 30% at\u00e9 2025. Em seis anos, o modal ferrovi\u00e1rio vai passar por uma mudan\u00e7a bastante significativa&#8221;, disse ele. Segundo Tarc\u00edsio, o Pa\u00eds tem hoje o maior programa de concess\u00f5es do mundo, que est\u00e1 atraindo o interesse de investidores estrangeiros.<\/p>\n<p>&nbsp;<\/p>\n<p>Aeroportos<\/p>\n<p>&nbsp;<\/p>\n<p>Tarc\u00edsio disse que os aeroportos de Congonhas, em S\u00e3o Paulo, e de Santos Dumont, no Rio, devem fazer parte da \u00faltima rodada de concess\u00f5es a serem realizadas pelo governo. De acordo com ele, trata-se de uma sinaliza\u00e7\u00e3o para que os investidores interessados nesses ativos j\u00e1 se posicionem no Brasil. &#8220;O melhor est\u00e1 por vir. Deixamos o fil\u00e9 para a \u00faltima rodada&#8221;, disse.<\/p>\n<p>&nbsp;<\/p>\n<p>O ministro afirmou que a abertura do mercado a\u00e9reo para empresas estrangeiras vai impulsionar o setor de avia\u00e7\u00e3o e j\u00e1 atrai novas empresas. Essa medida, segundo ele, se soma a outras, como os acordos de c\u00e9us abertos, para ampliar voos internacionais, e a redu\u00e7\u00e3o do ICMS do querosene de avia\u00e7\u00e3o por alguns Estados.<\/p>\n<p>&nbsp;<\/p>\n<p>Fonte: Isto \u00c9 Dinheiro<\/p>\n","protected":false},"excerpt":{"rendered":"<p>O ministro da Infraestrutura, Tarc\u00edsio de Freitas, disse que a participa\u00e7\u00e3o das ferrovias na matriz de transportes do Pa\u00eds deve aumentar dos atuais 15% para 30% at\u00e9 2025. Segundo ele, isso se deve a uma s\u00e9rie de investimentos e concess\u00f5es no setor, entre as quais o leil\u00e3o do trecho entre Porto Nacional (TO) e Estrela [&hellip;]<\/p>\n","protected":false},"author":5,"featured_media":0,"comment_status":"open","ping_status":"open","sticky":false,"template":"","format":"standard","meta":{"_acf_changed":false,"footnotes":""},"categories":[2],"tags":[],"class_list":["post-7807","post","type-post","status-publish","format-standard","hentry","category-noticias"],"acf":[],"yoast_head":"<!-- This site is optimized with the Yoast SEO plugin v23.9 - https:\/\/yoast.com\/wordpress\/plugins\/seo\/ -->\n<title>Ferrovias v\u00e3o elevar fatia na matriz de 15% para 30% at\u00e9 2025, diz ministro - AmstedMaxion<\/title>\n<meta name=\"robots\" content=\"index, follow, max-snippet:-1, max-image-preview:large, max-video-preview:-1\" \/>\n<link rel=\"canonical\" href=\"https:\/\/www.amstedmaxion.com.br\/ferrovias-vao-elevar-fatia-na-matriz-de-15-para-30-ate-2025-diz-ministro\/\" \/>\n<meta property=\"og:locale\" content=\"en_US\" \/>\n<meta property=\"og:type\" content=\"article\" \/>\n<meta property=\"og:title\" content=\"Ferrovias v\u00e3o elevar fatia na matriz de 15% para 30% at\u00e9 2025, diz ministro - AmstedMaxion\" \/>\n<meta property=\"og:description\" content=\"O ministro da Infraestrutura, Tarc\u00edsio de Freitas, disse que a participa\u00e7\u00e3o das ferrovias na matriz de transportes do Pa\u00eds deve aumentar dos atuais 15% para 30% at\u00e9 2025. Segundo ele, isso se deve a uma s\u00e9rie de investimentos e concess\u00f5es no setor, entre as quais o leil\u00e3o do trecho entre Porto Nacional (TO) e Estrela [&hellip;]\" \/>\n<meta property=\"og:url\" content=\"https:\/\/www.amstedmaxion.com.br\/ferrovias-vao-elevar-fatia-na-matriz-de-15-para-30-ate-2025-diz-ministro\/\" \/>\n<meta property=\"og:site_name\" content=\"AmstedMaxion\" \/>\n<meta property=\"article:publisher\" content=\"https:\/\/www.facebook.com\/AmstedMaxion.Oficial\" \/>\n<meta property=\"article:published_time\" content=\"2019-07-15T18:52:35+00:00\" \/>\n<meta name=\"author\" content=\"Rosane Storto\" \/>\n<meta name=\"twitter:card\" content=\"summary_large_image\" \/>\n<meta name=\"twitter:label1\" content=\"Written by\" \/>\n\t<meta name=\"twitter:data1\" content=\"Rosane Storto\" \/>\n\t<meta name=\"twitter:label2\" content=\"Est. reading time\" \/>\n\t<meta name=\"twitter:data2\" content=\"2 minutes\" \/>\n<script type=\"application\/ld+json\" class=\"yoast-schema-graph\">{\"@context\":\"https:\/\/schema.org\",\"@graph\":[{\"@type\":\"Article\",\"@id\":\"https:\/\/www.amstedmaxion.com.br\/ferrovias-vao-elevar-fatia-na-matriz-de-15-para-30-ate-2025-diz-ministro\/#article\",\"isPartOf\":{\"@id\":\"https:\/\/www.amstedmaxion.com.br\/ferrovias-vao-elevar-fatia-na-matriz-de-15-para-30-ate-2025-diz-ministro\/\"},\"author\":{\"name\":\"Rosane Storto\",\"@id\":\"https:\/\/www.amstedmaxion.com.br\/#\/schema\/person\/140cb65f07d4e66dd5543c8a187bf436\"},\"headline\":\"Ferrovias v\u00e3o elevar fatia na matriz de 15% para 30% at\u00e9 2025, diz ministro\",\"datePublished\":\"2019-07-15T18:52:35+00:00\",\"dateModified\":\"2019-07-15T18:52:35+00:00\",\"mainEntityOfPage\":{\"@id\":\"https:\/\/www.amstedmaxion.com.br\/ferrovias-vao-elevar-fatia-na-matriz-de-15-para-30-ate-2025-diz-ministro\/\"},\"wordCount\":350,\"commentCount\":0,\"publisher\":{\"@id\":\"https:\/\/www.amstedmaxion.com.br\/#organization\"},\"articleSection\":[\"Not\u00edcias da AmstedMaxion\"],\"inLanguage\":\"en-US\",\"potentialAction\":[{\"@type\":\"CommentAction\",\"name\":\"Comment\",\"target\":[\"https:\/\/www.amstedmaxion.com.br\/ferrovias-vao-elevar-fatia-na-matriz-de-15-para-30-ate-2025-diz-ministro\/#respond\"]}]},{\"@type\":\"WebPage\",\"@id\":\"https:\/\/www.amstedmaxion.com.br\/ferrovias-vao-elevar-fatia-na-matriz-de-15-para-30-ate-2025-diz-ministro\/\",\"url\":\"https:\/\/www.amstedmaxion.com.br\/ferrovias-vao-elevar-fatia-na-matriz-de-15-para-30-ate-2025-diz-ministro\/\",\"name\":\"Ferrovias v\u00e3o elevar fatia na matriz de 15% para 30% at\u00e9 2025, diz ministro - AmstedMaxion\",\"isPartOf\":{\"@id\":\"https:\/\/www.amstedmaxion.com.br\/#website\"},\"datePublished\":\"2019-07-15T18:52:35+00:00\",\"dateModified\":\"2019-07-15T18:52:35+00:00\",\"breadcrumb\":{\"@id\":\"https:\/\/www.amstedmaxion.com.br\/ferrovias-vao-elevar-fatia-na-matriz-de-15-para-30-ate-2025-diz-ministro\/#breadcrumb\"},\"inLanguage\":\"en-US\",\"potentialAction\":[{\"@type\":\"ReadAction\",\"target\":[\"https:\/\/www.amstedmaxion.com.br\/ferrovias-vao-elevar-fatia-na-matriz-de-15-para-30-ate-2025-diz-ministro\/\"]}]},{\"@type\":\"BreadcrumbList\",\"@id\":\"https:\/\/www.amstedmaxion.com.br\/ferrovias-vao-elevar-fatia-na-matriz-de-15-para-30-ate-2025-diz-ministro\/#breadcrumb\",\"itemListElement\":[{\"@type\":\"ListItem\",\"position\":1,\"name\":\"In\u00edcio\",\"item\":\"https:\/\/www.amstedmaxion.com.br\/\"},{\"@type\":\"ListItem\",\"position\":2,\"name\":\"Ferrovias v\u00e3o elevar fatia na matriz de 15% para 30% at\u00e9 2025, diz ministro\"}]},{\"@type\":\"WebSite\",\"@id\":\"https:\/\/www.amstedmaxion.com.br\/#website\",\"url\":\"https:\/\/www.amstedmaxion.com.br\/\",\"name\":\"AmstedMaxion\",\"description\":\"AmstedMaxion - Fundi\u00e7\u00e3o e Equipamentos Ferrovi\u00e1rios\",\"publisher\":{\"@id\":\"https:\/\/www.amstedmaxion.com.br\/#organization\"},\"alternateName\":\"AmstedMaxion\",\"potentialAction\":[{\"@type\":\"SearchAction\",\"target\":{\"@type\":\"EntryPoint\",\"urlTemplate\":\"https:\/\/www.amstedmaxion.com.br\/?s={search_term_string}\"},\"query-input\":{\"@type\":\"PropertyValueSpecification\",\"valueRequired\":true,\"valueName\":\"search_term_string\"}}],\"inLanguage\":\"en-US\"},{\"@type\":\"Organization\",\"@id\":\"https:\/\/www.amstedmaxion.com.br\/#organization\",\"name\":\"AMSTEDMAXION\",\"url\":\"https:\/\/www.amstedmaxion.com.br\/\",\"logo\":{\"@type\":\"ImageObject\",\"inLanguage\":\"en-US\",\"@id\":\"https:\/\/www.amstedmaxion.com.br\/#\/schema\/logo\/image\/\",\"url\":\"https:\/\/www.amstedmaxion.com.br\/wp-content\/uploads\/2023\/11\/amsted.png\",\"contentUrl\":\"https:\/\/www.amstedmaxion.com.br\/wp-content\/uploads\/2023\/11\/amsted.png\",\"width\":500,\"height\":500,\"caption\":\"AMSTEDMAXION\"},\"image\":{\"@id\":\"https:\/\/www.amstedmaxion.com.br\/#\/schema\/logo\/image\/\"},\"sameAs\":[\"https:\/\/www.facebook.com\/AmstedMaxion.Oficial\",\"https:\/\/br.linkedin.com\/company\/amstedmaxion\"]},{\"@type\":\"Person\",\"@id\":\"https:\/\/www.amstedmaxion.com.br\/#\/schema\/person\/140cb65f07d4e66dd5543c8a187bf436\",\"name\":\"Rosane Storto\",\"image\":{\"@type\":\"ImageObject\",\"inLanguage\":\"en-US\",\"@id\":\"https:\/\/www.amstedmaxion.com.br\/#\/schema\/person\/image\/\",\"url\":\"https:\/\/secure.gravatar.com\/avatar\/0e3d021545bbe593cb0eb3ee740544fefa86d59762e63dec1dbe9480a34c98cd?s=96&d=mm&r=g\",\"contentUrl\":\"https:\/\/secure.gravatar.com\/avatar\/0e3d021545bbe593cb0eb3ee740544fefa86d59762e63dec1dbe9480a34c98cd?s=96&d=mm&r=g\",\"caption\":\"Rosane Storto\"}}]}<\/script>\n<!-- \/ Yoast SEO plugin. -->","yoast_head_json":{"title":"Ferrovias v\u00e3o elevar fatia na matriz de 15% para 30% at\u00e9 2025, diz ministro - AmstedMaxion","robots":{"index":"index","follow":"follow","max-snippet":"max-snippet:-1","max-image-preview":"max-image-preview:large","max-video-preview":"max-video-preview:-1"},"canonical":"https:\/\/www.amstedmaxion.com.br\/ferrovias-vao-elevar-fatia-na-matriz-de-15-para-30-ate-2025-diz-ministro\/","og_locale":"en_US","og_type":"article","og_title":"Ferrovias v\u00e3o elevar fatia na matriz de 15% para 30% at\u00e9 2025, diz ministro - AmstedMaxion","og_description":"O ministro da Infraestrutura, Tarc\u00edsio de Freitas, disse que a participa\u00e7\u00e3o das ferrovias na matriz de transportes do Pa\u00eds deve aumentar dos atuais 15% para 30% at\u00e9 2025. Segundo ele, isso se deve a uma s\u00e9rie de investimentos e concess\u00f5es no setor, entre as quais o leil\u00e3o do trecho entre Porto Nacional (TO) e Estrela [&hellip;]","og_url":"https:\/\/www.amstedmaxion.com.br\/ferrovias-vao-elevar-fatia-na-matriz-de-15-para-30-ate-2025-diz-ministro\/","og_site_name":"AmstedMaxion","article_publisher":"https:\/\/www.facebook.com\/AmstedMaxion.Oficial","article_published_time":"2019-07-15T18:52:35+00:00","author":"Rosane Storto","twitter_card":"summary_large_image","twitter_misc":{"Written by":"Rosane Storto","Est. reading time":"2 minutes"},"schema":{"@context":"https:\/\/schema.org","@graph":[{"@type":"Article","@id":"https:\/\/www.amstedmaxion.com.br\/ferrovias-vao-elevar-fatia-na-matriz-de-15-para-30-ate-2025-diz-ministro\/#article","isPartOf":{"@id":"https:\/\/www.amstedmaxion.com.br\/ferrovias-vao-elevar-fatia-na-matriz-de-15-para-30-ate-2025-diz-ministro\/"},"author":{"name":"Rosane Storto","@id":"https:\/\/www.amstedmaxion.com.br\/#\/schema\/person\/140cb65f07d4e66dd5543c8a187bf436"},"headline":"Ferrovias v\u00e3o elevar fatia na matriz de 15% para 30% at\u00e9 2025, diz ministro","datePublished":"2019-07-15T18:52:35+00:00","dateModified":"2019-07-15T18:52:35+00:00","mainEntityOfPage":{"@id":"https:\/\/www.amstedmaxion.com.br\/ferrovias-vao-elevar-fatia-na-matriz-de-15-para-30-ate-2025-diz-ministro\/"},"wordCount":350,"commentCount":0,"publisher":{"@id":"https:\/\/www.amstedmaxion.com.br\/#organization"},"articleSection":["Not\u00edcias da AmstedMaxion"],"inLanguage":"en-US","potentialAction":[{"@type":"CommentAction","name":"Comment","target":["https:\/\/www.amstedmaxion.com.br\/ferrovias-vao-elevar-fatia-na-matriz-de-15-para-30-ate-2025-diz-ministro\/#respond"]}]},{"@type":"WebPage","@id":"https:\/\/www.amstedmaxion.com.br\/ferrovias-vao-elevar-fatia-na-matriz-de-15-para-30-ate-2025-diz-ministro\/","url":"https:\/\/www.amstedmaxion.com.br\/ferrovias-vao-elevar-fatia-na-matriz-de-15-para-30-ate-2025-diz-ministro\/","name":"Ferrovias v\u00e3o elevar fatia na matriz de 15% para 30% at\u00e9 2025, diz ministro - AmstedMaxion","isPartOf":{"@id":"https:\/\/www.amstedmaxion.com.br\/#website"},"datePublished":"2019-07-15T18:52:35+00:00","dateModified":"2019-07-15T18:52:35+00:00","breadcrumb":{"@id":"https:\/\/www.amstedmaxion.com.br\/ferrovias-vao-elevar-fatia-na-matriz-de-15-para-30-ate-2025-diz-ministro\/#breadcrumb"},"inLanguage":"en-US","potentialAction":[{"@type":"ReadAction","target":["https:\/\/www.amstedmaxion.com.br\/ferrovias-vao-elevar-fatia-na-matriz-de-15-para-30-ate-2025-diz-ministro\/"]}]},{"@type":"BreadcrumbList","@id":"https:\/\/www.amstedmaxion.com.br\/ferrovias-vao-elevar-fatia-na-matriz-de-15-para-30-ate-2025-diz-ministro\/#breadcrumb","itemListElement":[{"@type":"ListItem","position":1,"name":"In\u00edcio","item":"https:\/\/www.amstedmaxion.com.br\/"},{"@type":"ListItem","position":2,"name":"Ferrovias v\u00e3o elevar fatia na matriz de 15% para 30% at\u00e9 2025, diz ministro"}]},{"@type":"WebSite","@id":"https:\/\/www.amstedmaxion.com.br\/#website","url":"https:\/\/www.amstedmaxion.com.br\/","name":"AmstedMaxion","description":"AmstedMaxion - Fundi\u00e7\u00e3o e Equipamentos Ferrovi\u00e1rios","publisher":{"@id":"https:\/\/www.amstedmaxion.com.br\/#organization"},"alternateName":"AmstedMaxion","potentialAction":[{"@type":"SearchAction","target":{"@type":"EntryPoint","urlTemplate":"https:\/\/www.amstedmaxion.com.br\/?s={search_term_string}"},"query-input":{"@type":"PropertyValueSpecification","valueRequired":true,"valueName":"search_term_string"}}],"inLanguage":"en-US"},{"@type":"Organization","@id":"https:\/\/www.amstedmaxion.com.br\/#organization","name":"AMSTEDMAXION","url":"https:\/\/www.amstedmaxion.com.br\/","logo":{"@type":"ImageObject","inLanguage":"en-US","@id":"https:\/\/www.amstedmaxion.com.br\/#\/schema\/logo\/image\/","url":"https:\/\/www.amstedmaxion.com.br\/wp-content\/uploads\/2023\/11\/amsted.png","contentUrl":"https:\/\/www.amstedmaxion.com.br\/wp-content\/uploads\/2023\/11\/amsted.png","width":500,"height":500,"caption":"AMSTEDMAXION"},"image":{"@id":"https:\/\/www.amstedmaxion.com.br\/#\/schema\/logo\/image\/"},"sameAs":["https:\/\/www.facebook.com\/AmstedMaxion.Oficial","https:\/\/br.linkedin.com\/company\/amstedmaxion"]},{"@type":"Person","@id":"https:\/\/www.amstedmaxion.com.br\/#\/schema\/person\/140cb65f07d4e66dd5543c8a187bf436","name":"Rosane Storto","image":{"@type":"ImageObject","inLanguage":"en-US","@id":"https:\/\/www.amstedmaxion.com.br\/#\/schema\/person\/image\/","url":"https:\/\/secure.gravatar.com\/avatar\/0e3d021545bbe593cb0eb3ee740544fefa86d59762e63dec1dbe9480a34c98cd?s=96&d=mm&r=g","contentUrl":"https:\/\/secure.gravatar.com\/avatar\/0e3d021545bbe593cb0eb3ee740544fefa86d59762e63dec1dbe9480a34c98cd?s=96&d=mm&r=g","caption":"Rosane Storto"}}]}},"_links":{"self":[{"href":"https:\/\/www.amstedmaxion.com.br\/en\/wp-json\/wp\/v2\/posts\/7807","targetHints":{"allow":["GET"]}}],"collection":[{"href":"https:\/\/www.amstedmaxion.com.br\/en\/wp-json\/wp\/v2\/posts"}],"about":[{"href":"https:\/\/www.amstedmaxion.com.br\/en\/wp-json\/wp\/v2\/types\/post"}],"author":[{"embeddable":true,"href":"https:\/\/www.amstedmaxion.com.br\/en\/wp-json\/wp\/v2\/users\/5"}],"replies":[{"embeddable":true,"href":"https:\/\/www.amstedmaxion.com.br\/en\/wp-json\/wp\/v2\/comments?post=7807"}],"version-history":[{"count":1,"href":"https:\/\/www.amstedmaxion.com.br\/en\/wp-json\/wp\/v2\/posts\/7807\/revisions"}],"predecessor-version":[{"id":7808,"href":"https:\/\/www.amstedmaxion.com.br\/en\/wp-json\/wp\/v2\/posts\/7807\/revisions\/7808"}],"wp:attachment":[{"href":"https:\/\/www.amstedmaxion.com.br\/en\/wp-json\/wp\/v2\/media?parent=7807"}],"wp:term":[{"taxonomy":"category","embeddable":true,"href":"https:\/\/www.amstedmaxion.com.br\/en\/wp-json\/wp\/v2\/categories?post=7807"},{"taxonomy":"post_tag","embeddable":true,"href":"https:\/\/www.amstedmaxion.com.br\/en\/wp-json\/wp\/v2\/tags?post=7807"}],"curies":[{"name":"wp","href":"https:\/\/api.w.org\/{rel}","templated":true}]}}