{"id":8138,"date":"2019-08-07T14:49:53","date_gmt":"2019-08-07T17:49:53","guid":{"rendered":"http:\/\/www.amstedmaxion.com.br\/?p=8138"},"modified":"2021-07-27T08:56:34","modified_gmt":"2021-07-27T11:56:34","slug":"paranagua-registra-recorde-na-descarga-de-vagoes-no-mes-de-julho","status":"publish","type":"post","link":"https:\/\/www.amstedmaxion.com.br\/en\/paranagua-registra-recorde-na-descarga-de-vagoes-no-mes-de-julho\/","title":{"rendered":"Paranagu\u00e1 registra recorde na descarga de vag\u00f5es no m\u00eas de julho"},"content":{"rendered":"<p>O Porto de Paranagu\u00e1, no Paran\u00e1, registrou em julho n\u00famero recorde de vag\u00f5es descarregados com carga geral e gran\u00e9is s\u00f3lidos para exporta\u00e7\u00e3o (gr\u00e3os, farelo e a\u00e7\u00facar). Foram 18.776 vag\u00f5es, 333 a mais que a marca anterior, de maio de 2018. Em m\u00e9dia, nos 31 dias, foram 605 vag\u00f5es com cargas gerais e 492 vag\u00f5es\/dia descarregando os gran\u00e9is. \u201cSomando os dois tipos de carga, foram 1.052.858 toneladas de produtos que chegaram pelos trilhos ao Porto de Paranagu\u00e1\u201d, informou a administra\u00e7\u00e3o do porto. Apenas os vag\u00f5es graneleiros descarregaram 925.354 toneladas de soja, milho, farelo e a\u00e7\u00facar, 32.500 toneladas a mais que o recorde anterior, de maio de 2018.<\/p>\n<p>Os portos do Paran\u00e1 tamb\u00e9m registram o melhor m\u00eas de julho da hist\u00f3ria na movimenta\u00e7\u00e3o de gr\u00e3os pelo Corredor de Exporta\u00e7\u00e3o. \u201cNos \u00faltimos 31 dias, foram quase 2,2 milh\u00f5es de toneladas de milho, soja e farelo embarcados pelos tr\u00eas ber\u00e7os do complexo. A marca anterior era de julho de 2017, com pouco mais de 1,8 milh\u00e3o de toneladas.\u201d No p\u00e1tio de triagem, onde os caminh\u00f5es aguardam a descarga nos terminais e armaz\u00e9ns, foram 50,9 mil ve\u00edculos registrados no m\u00eas. O n\u00famero \u00e9 6% maior que o recorde anterior, de 48,4 mil caminh\u00f5es.<\/p>\n<p>Conforme o porto, as exporta\u00e7\u00f5es de soja representaram 45% das movimenta\u00e7\u00f5es do Corredor de Exporta\u00e7\u00e3o em julho. Foram quase 981,6 mil toneladas embarcadas. O milho respondeu por 41% dos carregamentos dos navios, somando 893,9 mil toneladas. Al\u00e9m dos gr\u00e3os, o Porto de Paranagu\u00e1 movimentou mais de 320,8 mil toneladas de farelo, ou 15% das exporta\u00e7\u00f5es no m\u00eas.<\/p>\n<p>Fonte: Isto\u00c9 Dinheiro<\/p>\n","protected":false},"excerpt":{"rendered":"<p>O Porto de Paranagu\u00e1, no Paran\u00e1, registrou em julho n\u00famero recorde de vag\u00f5es descarregados com carga geral e gran\u00e9is s\u00f3lidos para exporta\u00e7\u00e3o (gr\u00e3os, farelo e a\u00e7\u00facar). Foram 18.776 vag\u00f5es, 333 a mais que a marca anterior, de maio de 2018. Em m\u00e9dia, nos 31 dias, foram 605 vag\u00f5es com cargas gerais e 492 vag\u00f5es\/dia descarregando [&hellip;]<\/p>\n","protected":false},"author":5,"featured_media":0,"comment_status":"open","ping_status":"open","sticky":false,"template":"","format":"standard","meta":{"_acf_changed":false,"footnotes":""},"categories":[2],"tags":[],"class_list":["post-8138","post","type-post","status-publish","format-standard","hentry","category-noticias"],"acf":[],"yoast_head":"<!-- This site is optimized with the Yoast SEO plugin v23.9 - https:\/\/yoast.com\/wordpress\/plugins\/seo\/ -->\n<title>Paranagu\u00e1 registra recorde na descarga de vag\u00f5es no m\u00eas de julho - AmstedMaxion<\/title>\n<meta name=\"robots\" content=\"index, follow, max-snippet:-1, max-image-preview:large, max-video-preview:-1\" \/>\n<link rel=\"canonical\" href=\"https:\/\/www.amstedmaxion.com.br\/paranagua-registra-recorde-na-descarga-de-vagoes-no-mes-de-julho\/\" \/>\n<meta property=\"og:locale\" content=\"en_US\" \/>\n<meta property=\"og:type\" content=\"article\" \/>\n<meta property=\"og:title\" content=\"Paranagu\u00e1 registra recorde na descarga de vag\u00f5es no m\u00eas de julho - AmstedMaxion\" \/>\n<meta property=\"og:description\" content=\"O Porto de Paranagu\u00e1, no Paran\u00e1, registrou em julho n\u00famero recorde de vag\u00f5es descarregados com carga geral e gran\u00e9is s\u00f3lidos para exporta\u00e7\u00e3o (gr\u00e3os, farelo e a\u00e7\u00facar). Foram 18.776 vag\u00f5es, 333 a mais que a marca anterior, de maio de 2018. Em m\u00e9dia, nos 31 dias, foram 605 vag\u00f5es com cargas gerais e 492 vag\u00f5es\/dia descarregando [&hellip;]\" \/>\n<meta property=\"og:url\" content=\"https:\/\/www.amstedmaxion.com.br\/paranagua-registra-recorde-na-descarga-de-vagoes-no-mes-de-julho\/\" \/>\n<meta property=\"og:site_name\" content=\"AmstedMaxion\" \/>\n<meta property=\"article:publisher\" content=\"https:\/\/www.facebook.com\/AmstedMaxion.Oficial\" \/>\n<meta property=\"article:published_time\" content=\"2019-08-07T17:49:53+00:00\" \/>\n<meta property=\"article:modified_time\" content=\"2021-07-27T11:56:34+00:00\" \/>\n<meta name=\"author\" content=\"Rosane Storto\" \/>\n<meta name=\"twitter:card\" content=\"summary_large_image\" \/>\n<meta name=\"twitter:label1\" content=\"Written by\" \/>\n\t<meta name=\"twitter:data1\" content=\"Rosane Storto\" \/>\n\t<meta name=\"twitter:label2\" content=\"Est. reading time\" \/>\n\t<meta name=\"twitter:data2\" content=\"2 minutes\" \/>\n<script type=\"application\/ld+json\" class=\"yoast-schema-graph\">{\"@context\":\"https:\/\/schema.org\",\"@graph\":[{\"@type\":\"Article\",\"@id\":\"https:\/\/www.amstedmaxion.com.br\/paranagua-registra-recorde-na-descarga-de-vagoes-no-mes-de-julho\/#article\",\"isPartOf\":{\"@id\":\"https:\/\/www.amstedmaxion.com.br\/paranagua-registra-recorde-na-descarga-de-vagoes-no-mes-de-julho\/\"},\"author\":{\"name\":\"Rosane Storto\",\"@id\":\"https:\/\/www.amstedmaxion.com.br\/#\/schema\/person\/140cb65f07d4e66dd5543c8a187bf436\"},\"headline\":\"Paranagu\u00e1 registra recorde na descarga de vag\u00f5es no m\u00eas de julho\",\"datePublished\":\"2019-08-07T17:49:53+00:00\",\"dateModified\":\"2021-07-27T11:56:34+00:00\",\"mainEntityOfPage\":{\"@id\":\"https:\/\/www.amstedmaxion.com.br\/paranagua-registra-recorde-na-descarga-de-vagoes-no-mes-de-julho\/\"},\"wordCount\":287,\"commentCount\":0,\"publisher\":{\"@id\":\"https:\/\/www.amstedmaxion.com.br\/#organization\"},\"articleSection\":[\"Not\u00edcias da AmstedMaxion\"],\"inLanguage\":\"en-US\",\"potentialAction\":[{\"@type\":\"CommentAction\",\"name\":\"Comment\",\"target\":[\"https:\/\/www.amstedmaxion.com.br\/paranagua-registra-recorde-na-descarga-de-vagoes-no-mes-de-julho\/#respond\"]}]},{\"@type\":\"WebPage\",\"@id\":\"https:\/\/www.amstedmaxion.com.br\/paranagua-registra-recorde-na-descarga-de-vagoes-no-mes-de-julho\/\",\"url\":\"https:\/\/www.amstedmaxion.com.br\/paranagua-registra-recorde-na-descarga-de-vagoes-no-mes-de-julho\/\",\"name\":\"Paranagu\u00e1 registra recorde na descarga de vag\u00f5es no m\u00eas de julho - AmstedMaxion\",\"isPartOf\":{\"@id\":\"https:\/\/www.amstedmaxion.com.br\/#website\"},\"datePublished\":\"2019-08-07T17:49:53+00:00\",\"dateModified\":\"2021-07-27T11:56:34+00:00\",\"breadcrumb\":{\"@id\":\"https:\/\/www.amstedmaxion.com.br\/paranagua-registra-recorde-na-descarga-de-vagoes-no-mes-de-julho\/#breadcrumb\"},\"inLanguage\":\"en-US\",\"potentialAction\":[{\"@type\":\"ReadAction\",\"target\":[\"https:\/\/www.amstedmaxion.com.br\/paranagua-registra-recorde-na-descarga-de-vagoes-no-mes-de-julho\/\"]}]},{\"@type\":\"BreadcrumbList\",\"@id\":\"https:\/\/www.amstedmaxion.com.br\/paranagua-registra-recorde-na-descarga-de-vagoes-no-mes-de-julho\/#breadcrumb\",\"itemListElement\":[{\"@type\":\"ListItem\",\"position\":1,\"name\":\"In\u00edcio\",\"item\":\"https:\/\/www.amstedmaxion.com.br\/\"},{\"@type\":\"ListItem\",\"position\":2,\"name\":\"Paranagu\u00e1 registra recorde na descarga de vag\u00f5es no m\u00eas de julho\"}]},{\"@type\":\"WebSite\",\"@id\":\"https:\/\/www.amstedmaxion.com.br\/#website\",\"url\":\"https:\/\/www.amstedmaxion.com.br\/\",\"name\":\"AmstedMaxion\",\"description\":\"AmstedMaxion - Fundi\u00e7\u00e3o e Equipamentos Ferrovi\u00e1rios\",\"publisher\":{\"@id\":\"https:\/\/www.amstedmaxion.com.br\/#organization\"},\"alternateName\":\"AmstedMaxion\",\"potentialAction\":[{\"@type\":\"SearchAction\",\"target\":{\"@type\":\"EntryPoint\",\"urlTemplate\":\"https:\/\/www.amstedmaxion.com.br\/?s={search_term_string}\"},\"query-input\":{\"@type\":\"PropertyValueSpecification\",\"valueRequired\":true,\"valueName\":\"search_term_string\"}}],\"inLanguage\":\"en-US\"},{\"@type\":\"Organization\",\"@id\":\"https:\/\/www.amstedmaxion.com.br\/#organization\",\"name\":\"AMSTEDMAXION\",\"url\":\"https:\/\/www.amstedmaxion.com.br\/\",\"logo\":{\"@type\":\"ImageObject\",\"inLanguage\":\"en-US\",\"@id\":\"https:\/\/www.amstedmaxion.com.br\/#\/schema\/logo\/image\/\",\"url\":\"https:\/\/www.amstedmaxion.com.br\/wp-content\/uploads\/2023\/11\/amsted.png\",\"contentUrl\":\"https:\/\/www.amstedmaxion.com.br\/wp-content\/uploads\/2023\/11\/amsted.png\",\"width\":500,\"height\":500,\"caption\":\"AMSTEDMAXION\"},\"image\":{\"@id\":\"https:\/\/www.amstedmaxion.com.br\/#\/schema\/logo\/image\/\"},\"sameAs\":[\"https:\/\/www.facebook.com\/AmstedMaxion.Oficial\",\"https:\/\/br.linkedin.com\/company\/amstedmaxion\"]},{\"@type\":\"Person\",\"@id\":\"https:\/\/www.amstedmaxion.com.br\/#\/schema\/person\/140cb65f07d4e66dd5543c8a187bf436\",\"name\":\"Rosane Storto\",\"image\":{\"@type\":\"ImageObject\",\"inLanguage\":\"en-US\",\"@id\":\"https:\/\/www.amstedmaxion.com.br\/#\/schema\/person\/image\/\",\"url\":\"https:\/\/secure.gravatar.com\/avatar\/0e3d021545bbe593cb0eb3ee740544fefa86d59762e63dec1dbe9480a34c98cd?s=96&d=mm&r=g\",\"contentUrl\":\"https:\/\/secure.gravatar.com\/avatar\/0e3d021545bbe593cb0eb3ee740544fefa86d59762e63dec1dbe9480a34c98cd?s=96&d=mm&r=g\",\"caption\":\"Rosane Storto\"}}]}<\/script>\n<!-- \/ Yoast SEO plugin. -->","yoast_head_json":{"title":"Paranagu\u00e1 registra recorde na descarga de vag\u00f5es no m\u00eas de julho - AmstedMaxion","robots":{"index":"index","follow":"follow","max-snippet":"max-snippet:-1","max-image-preview":"max-image-preview:large","max-video-preview":"max-video-preview:-1"},"canonical":"https:\/\/www.amstedmaxion.com.br\/paranagua-registra-recorde-na-descarga-de-vagoes-no-mes-de-julho\/","og_locale":"en_US","og_type":"article","og_title":"Paranagu\u00e1 registra recorde na descarga de vag\u00f5es no m\u00eas de julho - AmstedMaxion","og_description":"O Porto de Paranagu\u00e1, no Paran\u00e1, registrou em julho n\u00famero recorde de vag\u00f5es descarregados com carga geral e gran\u00e9is s\u00f3lidos para exporta\u00e7\u00e3o (gr\u00e3os, farelo e a\u00e7\u00facar). Foram 18.776 vag\u00f5es, 333 a mais que a marca anterior, de maio de 2018. Em m\u00e9dia, nos 31 dias, foram 605 vag\u00f5es com cargas gerais e 492 vag\u00f5es\/dia descarregando [&hellip;]","og_url":"https:\/\/www.amstedmaxion.com.br\/paranagua-registra-recorde-na-descarga-de-vagoes-no-mes-de-julho\/","og_site_name":"AmstedMaxion","article_publisher":"https:\/\/www.facebook.com\/AmstedMaxion.Oficial","article_published_time":"2019-08-07T17:49:53+00:00","article_modified_time":"2021-07-27T11:56:34+00:00","author":"Rosane Storto","twitter_card":"summary_large_image","twitter_misc":{"Written by":"Rosane Storto","Est. reading time":"2 minutes"},"schema":{"@context":"https:\/\/schema.org","@graph":[{"@type":"Article","@id":"https:\/\/www.amstedmaxion.com.br\/paranagua-registra-recorde-na-descarga-de-vagoes-no-mes-de-julho\/#article","isPartOf":{"@id":"https:\/\/www.amstedmaxion.com.br\/paranagua-registra-recorde-na-descarga-de-vagoes-no-mes-de-julho\/"},"author":{"name":"Rosane Storto","@id":"https:\/\/www.amstedmaxion.com.br\/#\/schema\/person\/140cb65f07d4e66dd5543c8a187bf436"},"headline":"Paranagu\u00e1 registra recorde na descarga de vag\u00f5es no m\u00eas de julho","datePublished":"2019-08-07T17:49:53+00:00","dateModified":"2021-07-27T11:56:34+00:00","mainEntityOfPage":{"@id":"https:\/\/www.amstedmaxion.com.br\/paranagua-registra-recorde-na-descarga-de-vagoes-no-mes-de-julho\/"},"wordCount":287,"commentCount":0,"publisher":{"@id":"https:\/\/www.amstedmaxion.com.br\/#organization"},"articleSection":["Not\u00edcias da AmstedMaxion"],"inLanguage":"en-US","potentialAction":[{"@type":"CommentAction","name":"Comment","target":["https:\/\/www.amstedmaxion.com.br\/paranagua-registra-recorde-na-descarga-de-vagoes-no-mes-de-julho\/#respond"]}]},{"@type":"WebPage","@id":"https:\/\/www.amstedmaxion.com.br\/paranagua-registra-recorde-na-descarga-de-vagoes-no-mes-de-julho\/","url":"https:\/\/www.amstedmaxion.com.br\/paranagua-registra-recorde-na-descarga-de-vagoes-no-mes-de-julho\/","name":"Paranagu\u00e1 registra recorde na descarga de vag\u00f5es no m\u00eas de julho - AmstedMaxion","isPartOf":{"@id":"https:\/\/www.amstedmaxion.com.br\/#website"},"datePublished":"2019-08-07T17:49:53+00:00","dateModified":"2021-07-27T11:56:34+00:00","breadcrumb":{"@id":"https:\/\/www.amstedmaxion.com.br\/paranagua-registra-recorde-na-descarga-de-vagoes-no-mes-de-julho\/#breadcrumb"},"inLanguage":"en-US","potentialAction":[{"@type":"ReadAction","target":["https:\/\/www.amstedmaxion.com.br\/paranagua-registra-recorde-na-descarga-de-vagoes-no-mes-de-julho\/"]}]},{"@type":"BreadcrumbList","@id":"https:\/\/www.amstedmaxion.com.br\/paranagua-registra-recorde-na-descarga-de-vagoes-no-mes-de-julho\/#breadcrumb","itemListElement":[{"@type":"ListItem","position":1,"name":"In\u00edcio","item":"https:\/\/www.amstedmaxion.com.br\/"},{"@type":"ListItem","position":2,"name":"Paranagu\u00e1 registra recorde na descarga de vag\u00f5es no m\u00eas de julho"}]},{"@type":"WebSite","@id":"https:\/\/www.amstedmaxion.com.br\/#website","url":"https:\/\/www.amstedmaxion.com.br\/","name":"AmstedMaxion","description":"AmstedMaxion - Fundi\u00e7\u00e3o e Equipamentos Ferrovi\u00e1rios","publisher":{"@id":"https:\/\/www.amstedmaxion.com.br\/#organization"},"alternateName":"AmstedMaxion","potentialAction":[{"@type":"SearchAction","target":{"@type":"EntryPoint","urlTemplate":"https:\/\/www.amstedmaxion.com.br\/?s={search_term_string}"},"query-input":{"@type":"PropertyValueSpecification","valueRequired":true,"valueName":"search_term_string"}}],"inLanguage":"en-US"},{"@type":"Organization","@id":"https:\/\/www.amstedmaxion.com.br\/#organization","name":"AMSTEDMAXION","url":"https:\/\/www.amstedmaxion.com.br\/","logo":{"@type":"ImageObject","inLanguage":"en-US","@id":"https:\/\/www.amstedmaxion.com.br\/#\/schema\/logo\/image\/","url":"https:\/\/www.amstedmaxion.com.br\/wp-content\/uploads\/2023\/11\/amsted.png","contentUrl":"https:\/\/www.amstedmaxion.com.br\/wp-content\/uploads\/2023\/11\/amsted.png","width":500,"height":500,"caption":"AMSTEDMAXION"},"image":{"@id":"https:\/\/www.amstedmaxion.com.br\/#\/schema\/logo\/image\/"},"sameAs":["https:\/\/www.facebook.com\/AmstedMaxion.Oficial","https:\/\/br.linkedin.com\/company\/amstedmaxion"]},{"@type":"Person","@id":"https:\/\/www.amstedmaxion.com.br\/#\/schema\/person\/140cb65f07d4e66dd5543c8a187bf436","name":"Rosane Storto","image":{"@type":"ImageObject","inLanguage":"en-US","@id":"https:\/\/www.amstedmaxion.com.br\/#\/schema\/person\/image\/","url":"https:\/\/secure.gravatar.com\/avatar\/0e3d021545bbe593cb0eb3ee740544fefa86d59762e63dec1dbe9480a34c98cd?s=96&d=mm&r=g","contentUrl":"https:\/\/secure.gravatar.com\/avatar\/0e3d021545bbe593cb0eb3ee740544fefa86d59762e63dec1dbe9480a34c98cd?s=96&d=mm&r=g","caption":"Rosane Storto"}}]}},"_links":{"self":[{"href":"https:\/\/www.amstedmaxion.com.br\/en\/wp-json\/wp\/v2\/posts\/8138","targetHints":{"allow":["GET"]}}],"collection":[{"href":"https:\/\/www.amstedmaxion.com.br\/en\/wp-json\/wp\/v2\/posts"}],"about":[{"href":"https:\/\/www.amstedmaxion.com.br\/en\/wp-json\/wp\/v2\/types\/post"}],"author":[{"embeddable":true,"href":"https:\/\/www.amstedmaxion.com.br\/en\/wp-json\/wp\/v2\/users\/5"}],"replies":[{"embeddable":true,"href":"https:\/\/www.amstedmaxion.com.br\/en\/wp-json\/wp\/v2\/comments?post=8138"}],"version-history":[{"count":1,"href":"https:\/\/www.amstedmaxion.com.br\/en\/wp-json\/wp\/v2\/posts\/8138\/revisions"}],"predecessor-version":[{"id":8139,"href":"https:\/\/www.amstedmaxion.com.br\/en\/wp-json\/wp\/v2\/posts\/8138\/revisions\/8139"}],"wp:attachment":[{"href":"https:\/\/www.amstedmaxion.com.br\/en\/wp-json\/wp\/v2\/media?parent=8138"}],"wp:term":[{"taxonomy":"category","embeddable":true,"href":"https:\/\/www.amstedmaxion.com.br\/en\/wp-json\/wp\/v2\/categories?post=8138"},{"taxonomy":"post_tag","embeddable":true,"href":"https:\/\/www.amstedmaxion.com.br\/en\/wp-json\/wp\/v2\/tags?post=8138"}],"curies":[{"name":"wp","href":"https:\/\/api.w.org\/{rel}","templated":true}]}}