{"id":8208,"date":"2019-08-14T17:18:13","date_gmt":"2019-08-14T20:18:13","guid":{"rendered":"http:\/\/www.amstedmaxion.com.br\/?p=8208"},"modified":"2021-07-27T08:55:03","modified_gmt":"2021-07-27T11:55:03","slug":"obras-da-transnordestina-voltam-ainda-em-2019-diz-tarcisio","status":"publish","type":"post","link":"https:\/\/www.amstedmaxion.com.br\/en\/obras-da-transnordestina-voltam-ainda-em-2019-diz-tarcisio\/","title":{"rendered":"Obras da Transnordestina voltam ainda em 2019, diz Tarc\u00edsio"},"content":{"rendered":"<p>O ministro da Infraestrutura, Tarc\u00edsio Gomes de Freitas, disse nesta quinta-feira que o governo pretende colocar novamente em funcionamento, ainda neste ano, as obras da ferrovia Transnordestina. \u201cEstamos em negocia\u00e7\u00e3o intensa com o concession\u00e1rio para que haja retomada da obra\u201d, afirmou.<\/p>\n<p>Segundo ele, as cl\u00e1usulas financeiras do contrato v\u00eam sendo cumpridas, mas as n\u00e3o financeiras (a obra propriamente), n\u00e3o. \u201cIsso nos d\u00e1 o direito de acionar o vencimento antecipado da d\u00edvida, o que seria muito ruim para o concession\u00e1rio\u201d, disse.<\/p>\n<p>De acordo com o ministro, isso foi colocado na mesa e houve disposi\u00e7\u00e3o do concession\u00e1rio de retomar a obra imediatamente. \u201cA boa not\u00edcia \u00e9 que j\u00e1 est\u00e1 havendo mobiliza\u00e7\u00e3o e, ainda neste ano, botamos a obra de volta para funcionar\u201d, afirmou.<\/p>\n<p>Tarc\u00edsio disse que o governo trabalha para facilitar que investidores privados possam realizar projetos ferrovi\u00e1rios. \u201cVamos mudar o marco e trabalhar com autoriza\u00e7\u00f5es ferrovi\u00e1rias no Brasil\u201d, afirmou.<\/p>\n<p>Segundo o ministro, a prioridade do governo em ferrovias \u00e9 o transporte de cargas. \u201cN\u00e3o colocamos trem de passageiro porque ele compete com carga\u201d, disse, citando que a expectativa \u00e9 que a parcela do modal ferrovi\u00e1rio no transporte de cargas passe de 15% a 29%.<\/p>\n<p>Avia\u00e7\u00e3o<\/p>\n<p>Questionado sobre para quando o brasileiro pode esperar a redu\u00e7\u00e3o nos pre\u00e7o das passagens a\u00e9reas, Tarc\u00edsio disse que isso vai depender de maior competi\u00e7\u00e3o no setor, mas acrescentou que uma diminui\u00e7\u00e3o dever\u00e1 ser observada j\u00e1 no fim deste ano.<\/p>\n<p>\u201cEstamos no rumo certo para criar essa competi\u00e7\u00e3o\u201d, disse em evento promovido pelo BTG em S\u00e3o Paulo. Ele citou a quebra da restri\u00e7\u00e3o ao capital estrangeiro no setor, que deve atrair novos entrantes.<\/p>\n<p>O ministro disse que o Brasil tem hoje o sexto maior mercado de avia\u00e7\u00e3o do mundo, mas pode vir a ser o terceiro. Para isso, citou a extens\u00e3o territorial do pa\u00eds e a expectativa de que a economia nacional voltar\u00e1 a crescer. \u201cSe o PIB cresce um ponto, a avia\u00e7\u00e3o cresce dois, tr\u00eas pontos\u201d, afirmou.<\/p>\n<p>Segundo ele, ainda \u00e9 preciso simplificar a regula\u00e7\u00e3o e reduzir o pre\u00e7o de combust\u00edvel. \u201cEstamos sensibilizando v\u00e1rios governadores de Estados a fazerem redu\u00e7\u00f5es de ICMS sobre querosene de avia\u00e7\u00e3o\u201d, afirmou.<\/p>\n<p>O governo tamb\u00e9m busca novos acordos de c\u00e9us abertos com pa\u00edses amigos e focando na provis\u00e3o de infraestrutura. \u201cA infraestrutura melhor incentiva voos em determinadas regi\u00f5es\u201d, disse.<\/p>\n<p>Segundo ele, j\u00e1 h\u00e1 interesse de mais empresas internacionais em operar no pa\u00eds. Al\u00e9m disso, em breve, os avi\u00f5es 737 Max da Boeing voltam a circular, disse, e companhias que utilizam o modelo devem colocar mais aeronaves em opera\u00e7\u00e3o. Tamb\u00e9m dever\u00e1 ser resolvida a quest\u00e3o dos \u2018slots\u2019 (hor\u00e1rios de pouso e decolagem) da Avianca Brasil nos aeroportos, acrescentou.<\/p>\n<p>\u201cTudo leva a crer que vamos come\u00e7ar a observar j\u00e1 no final do ano uma redu\u00e7\u00e3o do pre\u00e7o das passagens\u201d, concluiu.<\/p>\n<p>Seguran\u00e7a jur\u00eddica<\/p>\n<p>O ministro disse que o governo trabalha para fortalecer regras envolvendo arbitragem e risco cambial dentro dos contratos de concess\u00e3o, como forma de atrair o investidor privado.<\/p>\n<p>\u201cOs investidores perguntam sobre seguran\u00e7a jur\u00eddica\u201d, afirmou durante o evento.<\/p>\n<p>Segundo ele, haver\u00e1 mudan\u00e7as no sistema de tributa\u00e7\u00e3o de opera\u00e7\u00f5es de swap. Mais cedo, no mesmo evento, o presidente do Banco Central, Roberto Campos Neto, disse que grandes fundos estrangeiros, quando entram no pa\u00eds, n\u00e3o conseguem \u201cfazer hedge\u201d(prote\u00e7\u00e3o via opera\u00e7\u00f5es de mercado) contra a varia\u00e7\u00e3o cambial.<\/p>\n<p>O ministro afirmou ainda que o governo trabalha para dar mais clareza ao ganho de capital para recursos que v\u00eam de fora.<\/p>\n<p>Segundo Tarc\u00edsio, o Brasil tem o maior programa de concess\u00f5es de infraestrutura do mundo. \u201cSer\u00e3o mais 41 aeroportos, dezenas de arrendamentos portu\u00e1rios. Existem interessados, nossos ativos s\u00e3o bons e a remunera\u00e7\u00e3o \u00e9 interessante\u201d, afirmou.<\/p>\n<p>\u201cVamos fazer ferrovia de integra\u00e7\u00e3o do Centro-Oeste. Quando estiver pronta, vamos licitar a opera\u00e7\u00e3o dela. Podemos colocar R$ 3 bilh\u00f5es de outorga no bolso. Isso \u00e9 criatividade, vamos fazer ativo sem depender de or\u00e7amento\u201d, disse.<\/p>\n<p>Sobre o leil\u00e3o de terminais portu\u00e1rios que acontecer\u00e1 nesta sexta, afirmou: \u201cVai dar certo.\u201d<\/p>\n<p>Fonte: Valor Econ\u00f4mico<\/p>\n","protected":false},"excerpt":{"rendered":"<p>O ministro da Infraestrutura, Tarc\u00edsio Gomes de Freitas, disse nesta quinta-feira que o governo pretende colocar novamente em funcionamento, ainda neste ano, as obras da ferrovia Transnordestina. \u201cEstamos em negocia\u00e7\u00e3o intensa com o concession\u00e1rio para que haja retomada da obra\u201d, afirmou. Segundo ele, as cl\u00e1usulas financeiras do contrato v\u00eam sendo cumpridas, mas as n\u00e3o financeiras [&hellip;]<\/p>\n","protected":false},"author":5,"featured_media":0,"comment_status":"open","ping_status":"open","sticky":false,"template":"","format":"standard","meta":{"_acf_changed":false,"footnotes":""},"categories":[2],"tags":[],"class_list":["post-8208","post","type-post","status-publish","format-standard","hentry","category-noticias"],"acf":[],"yoast_head":"<!-- This site is optimized with the Yoast SEO plugin v23.9 - https:\/\/yoast.com\/wordpress\/plugins\/seo\/ -->\n<title>Obras da Transnordestina voltam ainda em 2019, diz Tarc\u00edsio - AmstedMaxion<\/title>\n<meta name=\"robots\" content=\"index, follow, max-snippet:-1, max-image-preview:large, max-video-preview:-1\" \/>\n<link rel=\"canonical\" href=\"https:\/\/www.amstedmaxion.com.br\/en\/obras-da-transnordestina-voltam-ainda-em-2019-diz-tarcisio\/\" \/>\n<meta property=\"og:locale\" content=\"en_US\" \/>\n<meta property=\"og:type\" content=\"article\" \/>\n<meta property=\"og:title\" content=\"Obras da Transnordestina voltam ainda em 2019, diz Tarc\u00edsio - AmstedMaxion\" \/>\n<meta property=\"og:description\" content=\"O ministro da Infraestrutura, Tarc\u00edsio Gomes de Freitas, disse nesta quinta-feira que o governo pretende colocar novamente em funcionamento, ainda neste ano, as obras da ferrovia Transnordestina. \u201cEstamos em negocia\u00e7\u00e3o intensa com o concession\u00e1rio para que haja retomada da obra\u201d, afirmou. Segundo ele, as cl\u00e1usulas financeiras do contrato v\u00eam sendo cumpridas, mas as n\u00e3o financeiras [&hellip;]\" \/>\n<meta property=\"og:url\" content=\"https:\/\/www.amstedmaxion.com.br\/en\/obras-da-transnordestina-voltam-ainda-em-2019-diz-tarcisio\/\" \/>\n<meta property=\"og:site_name\" content=\"AmstedMaxion\" \/>\n<meta property=\"article:publisher\" content=\"https:\/\/www.facebook.com\/AmstedMaxion.Oficial\" \/>\n<meta property=\"article:published_time\" content=\"2019-08-14T20:18:13+00:00\" \/>\n<meta property=\"article:modified_time\" content=\"2021-07-27T11:55:03+00:00\" \/>\n<meta name=\"author\" content=\"Rosane Storto\" \/>\n<meta name=\"twitter:card\" content=\"summary_large_image\" \/>\n<meta name=\"twitter:label1\" content=\"Written by\" \/>\n\t<meta name=\"twitter:data1\" content=\"Rosane Storto\" \/>\n\t<meta name=\"twitter:label2\" content=\"Est. reading time\" \/>\n\t<meta name=\"twitter:data2\" content=\"3 minutes\" \/>\n<script type=\"application\/ld+json\" class=\"yoast-schema-graph\">{\"@context\":\"https:\/\/schema.org\",\"@graph\":[{\"@type\":\"Article\",\"@id\":\"https:\/\/www.amstedmaxion.com.br\/en\/obras-da-transnordestina-voltam-ainda-em-2019-diz-tarcisio\/#article\",\"isPartOf\":{\"@id\":\"https:\/\/www.amstedmaxion.com.br\/en\/obras-da-transnordestina-voltam-ainda-em-2019-diz-tarcisio\/\"},\"author\":{\"name\":\"Rosane Storto\",\"@id\":\"https:\/\/www.amstedmaxion.com.br\/#\/schema\/person\/140cb65f07d4e66dd5543c8a187bf436\"},\"headline\":\"Obras da Transnordestina voltam ainda em 2019, diz Tarc\u00edsio\",\"datePublished\":\"2019-08-14T20:18:13+00:00\",\"dateModified\":\"2021-07-27T11:55:03+00:00\",\"mainEntityOfPage\":{\"@id\":\"https:\/\/www.amstedmaxion.com.br\/en\/obras-da-transnordestina-voltam-ainda-em-2019-diz-tarcisio\/\"},\"wordCount\":731,\"commentCount\":0,\"publisher\":{\"@id\":\"https:\/\/www.amstedmaxion.com.br\/#organization\"},\"articleSection\":[\"Not\u00edcias da AmstedMaxion\"],\"inLanguage\":\"en-US\",\"potentialAction\":[{\"@type\":\"CommentAction\",\"name\":\"Comment\",\"target\":[\"https:\/\/www.amstedmaxion.com.br\/en\/obras-da-transnordestina-voltam-ainda-em-2019-diz-tarcisio\/#respond\"]}]},{\"@type\":\"WebPage\",\"@id\":\"https:\/\/www.amstedmaxion.com.br\/en\/obras-da-transnordestina-voltam-ainda-em-2019-diz-tarcisio\/\",\"url\":\"https:\/\/www.amstedmaxion.com.br\/en\/obras-da-transnordestina-voltam-ainda-em-2019-diz-tarcisio\/\",\"name\":\"Obras da Transnordestina voltam ainda em 2019, diz Tarc\u00edsio - AmstedMaxion\",\"isPartOf\":{\"@id\":\"https:\/\/www.amstedmaxion.com.br\/#website\"},\"datePublished\":\"2019-08-14T20:18:13+00:00\",\"dateModified\":\"2021-07-27T11:55:03+00:00\",\"breadcrumb\":{\"@id\":\"https:\/\/www.amstedmaxion.com.br\/en\/obras-da-transnordestina-voltam-ainda-em-2019-diz-tarcisio\/#breadcrumb\"},\"inLanguage\":\"en-US\",\"potentialAction\":[{\"@type\":\"ReadAction\",\"target\":[\"https:\/\/www.amstedmaxion.com.br\/en\/obras-da-transnordestina-voltam-ainda-em-2019-diz-tarcisio\/\"]}]},{\"@type\":\"BreadcrumbList\",\"@id\":\"https:\/\/www.amstedmaxion.com.br\/en\/obras-da-transnordestina-voltam-ainda-em-2019-diz-tarcisio\/#breadcrumb\",\"itemListElement\":[{\"@type\":\"ListItem\",\"position\":1,\"name\":\"In\u00edcio\",\"item\":\"https:\/\/www.amstedmaxion.com.br\/\"},{\"@type\":\"ListItem\",\"position\":2,\"name\":\"Obras da Transnordestina voltam ainda em 2019, diz Tarc\u00edsio\"}]},{\"@type\":\"WebSite\",\"@id\":\"https:\/\/www.amstedmaxion.com.br\/#website\",\"url\":\"https:\/\/www.amstedmaxion.com.br\/\",\"name\":\"AmstedMaxion\",\"description\":\"AmstedMaxion - Fundi\u00e7\u00e3o e Equipamentos Ferrovi\u00e1rios\",\"publisher\":{\"@id\":\"https:\/\/www.amstedmaxion.com.br\/#organization\"},\"alternateName\":\"AmstedMaxion\",\"potentialAction\":[{\"@type\":\"SearchAction\",\"target\":{\"@type\":\"EntryPoint\",\"urlTemplate\":\"https:\/\/www.amstedmaxion.com.br\/?s={search_term_string}\"},\"query-input\":{\"@type\":\"PropertyValueSpecification\",\"valueRequired\":true,\"valueName\":\"search_term_string\"}}],\"inLanguage\":\"en-US\"},{\"@type\":\"Organization\",\"@id\":\"https:\/\/www.amstedmaxion.com.br\/#organization\",\"name\":\"AMSTEDMAXION\",\"url\":\"https:\/\/www.amstedmaxion.com.br\/\",\"logo\":{\"@type\":\"ImageObject\",\"inLanguage\":\"en-US\",\"@id\":\"https:\/\/www.amstedmaxion.com.br\/#\/schema\/logo\/image\/\",\"url\":\"https:\/\/www.amstedmaxion.com.br\/wp-content\/uploads\/2023\/11\/amsted.png\",\"contentUrl\":\"https:\/\/www.amstedmaxion.com.br\/wp-content\/uploads\/2023\/11\/amsted.png\",\"width\":500,\"height\":500,\"caption\":\"AMSTEDMAXION\"},\"image\":{\"@id\":\"https:\/\/www.amstedmaxion.com.br\/#\/schema\/logo\/image\/\"},\"sameAs\":[\"https:\/\/www.facebook.com\/AmstedMaxion.Oficial\",\"https:\/\/br.linkedin.com\/company\/amstedmaxion\"]},{\"@type\":\"Person\",\"@id\":\"https:\/\/www.amstedmaxion.com.br\/#\/schema\/person\/140cb65f07d4e66dd5543c8a187bf436\",\"name\":\"Rosane Storto\",\"image\":{\"@type\":\"ImageObject\",\"inLanguage\":\"en-US\",\"@id\":\"https:\/\/www.amstedmaxion.com.br\/#\/schema\/person\/image\/\",\"url\":\"https:\/\/secure.gravatar.com\/avatar\/0e3d021545bbe593cb0eb3ee740544fefa86d59762e63dec1dbe9480a34c98cd?s=96&d=mm&r=g\",\"contentUrl\":\"https:\/\/secure.gravatar.com\/avatar\/0e3d021545bbe593cb0eb3ee740544fefa86d59762e63dec1dbe9480a34c98cd?s=96&d=mm&r=g\",\"caption\":\"Rosane Storto\"}}]}<\/script>\n<!-- \/ Yoast SEO plugin. -->","yoast_head_json":{"title":"Obras da Transnordestina voltam ainda em 2019, diz Tarc\u00edsio - AmstedMaxion","robots":{"index":"index","follow":"follow","max-snippet":"max-snippet:-1","max-image-preview":"max-image-preview:large","max-video-preview":"max-video-preview:-1"},"canonical":"https:\/\/www.amstedmaxion.com.br\/en\/obras-da-transnordestina-voltam-ainda-em-2019-diz-tarcisio\/","og_locale":"en_US","og_type":"article","og_title":"Obras da Transnordestina voltam ainda em 2019, diz Tarc\u00edsio - AmstedMaxion","og_description":"O ministro da Infraestrutura, Tarc\u00edsio Gomes de Freitas, disse nesta quinta-feira que o governo pretende colocar novamente em funcionamento, ainda neste ano, as obras da ferrovia Transnordestina. \u201cEstamos em negocia\u00e7\u00e3o intensa com o concession\u00e1rio para que haja retomada da obra\u201d, afirmou. Segundo ele, as cl\u00e1usulas financeiras do contrato v\u00eam sendo cumpridas, mas as n\u00e3o financeiras [&hellip;]","og_url":"https:\/\/www.amstedmaxion.com.br\/en\/obras-da-transnordestina-voltam-ainda-em-2019-diz-tarcisio\/","og_site_name":"AmstedMaxion","article_publisher":"https:\/\/www.facebook.com\/AmstedMaxion.Oficial","article_published_time":"2019-08-14T20:18:13+00:00","article_modified_time":"2021-07-27T11:55:03+00:00","author":"Rosane Storto","twitter_card":"summary_large_image","twitter_misc":{"Written by":"Rosane Storto","Est. reading time":"3 minutes"},"schema":{"@context":"https:\/\/schema.org","@graph":[{"@type":"Article","@id":"https:\/\/www.amstedmaxion.com.br\/en\/obras-da-transnordestina-voltam-ainda-em-2019-diz-tarcisio\/#article","isPartOf":{"@id":"https:\/\/www.amstedmaxion.com.br\/en\/obras-da-transnordestina-voltam-ainda-em-2019-diz-tarcisio\/"},"author":{"name":"Rosane Storto","@id":"https:\/\/www.amstedmaxion.com.br\/#\/schema\/person\/140cb65f07d4e66dd5543c8a187bf436"},"headline":"Obras da Transnordestina voltam ainda em 2019, diz Tarc\u00edsio","datePublished":"2019-08-14T20:18:13+00:00","dateModified":"2021-07-27T11:55:03+00:00","mainEntityOfPage":{"@id":"https:\/\/www.amstedmaxion.com.br\/en\/obras-da-transnordestina-voltam-ainda-em-2019-diz-tarcisio\/"},"wordCount":731,"commentCount":0,"publisher":{"@id":"https:\/\/www.amstedmaxion.com.br\/#organization"},"articleSection":["Not\u00edcias da AmstedMaxion"],"inLanguage":"en-US","potentialAction":[{"@type":"CommentAction","name":"Comment","target":["https:\/\/www.amstedmaxion.com.br\/en\/obras-da-transnordestina-voltam-ainda-em-2019-diz-tarcisio\/#respond"]}]},{"@type":"WebPage","@id":"https:\/\/www.amstedmaxion.com.br\/en\/obras-da-transnordestina-voltam-ainda-em-2019-diz-tarcisio\/","url":"https:\/\/www.amstedmaxion.com.br\/en\/obras-da-transnordestina-voltam-ainda-em-2019-diz-tarcisio\/","name":"Obras da Transnordestina voltam ainda em 2019, diz Tarc\u00edsio - AmstedMaxion","isPartOf":{"@id":"https:\/\/www.amstedmaxion.com.br\/#website"},"datePublished":"2019-08-14T20:18:13+00:00","dateModified":"2021-07-27T11:55:03+00:00","breadcrumb":{"@id":"https:\/\/www.amstedmaxion.com.br\/en\/obras-da-transnordestina-voltam-ainda-em-2019-diz-tarcisio\/#breadcrumb"},"inLanguage":"en-US","potentialAction":[{"@type":"ReadAction","target":["https:\/\/www.amstedmaxion.com.br\/en\/obras-da-transnordestina-voltam-ainda-em-2019-diz-tarcisio\/"]}]},{"@type":"BreadcrumbList","@id":"https:\/\/www.amstedmaxion.com.br\/en\/obras-da-transnordestina-voltam-ainda-em-2019-diz-tarcisio\/#breadcrumb","itemListElement":[{"@type":"ListItem","position":1,"name":"In\u00edcio","item":"https:\/\/www.amstedmaxion.com.br\/"},{"@type":"ListItem","position":2,"name":"Obras da Transnordestina voltam ainda em 2019, diz Tarc\u00edsio"}]},{"@type":"WebSite","@id":"https:\/\/www.amstedmaxion.com.br\/#website","url":"https:\/\/www.amstedmaxion.com.br\/","name":"AmstedMaxion","description":"AmstedMaxion - Fundi\u00e7\u00e3o e Equipamentos Ferrovi\u00e1rios","publisher":{"@id":"https:\/\/www.amstedmaxion.com.br\/#organization"},"alternateName":"AmstedMaxion","potentialAction":[{"@type":"SearchAction","target":{"@type":"EntryPoint","urlTemplate":"https:\/\/www.amstedmaxion.com.br\/?s={search_term_string}"},"query-input":{"@type":"PropertyValueSpecification","valueRequired":true,"valueName":"search_term_string"}}],"inLanguage":"en-US"},{"@type":"Organization","@id":"https:\/\/www.amstedmaxion.com.br\/#organization","name":"AMSTEDMAXION","url":"https:\/\/www.amstedmaxion.com.br\/","logo":{"@type":"ImageObject","inLanguage":"en-US","@id":"https:\/\/www.amstedmaxion.com.br\/#\/schema\/logo\/image\/","url":"https:\/\/www.amstedmaxion.com.br\/wp-content\/uploads\/2023\/11\/amsted.png","contentUrl":"https:\/\/www.amstedmaxion.com.br\/wp-content\/uploads\/2023\/11\/amsted.png","width":500,"height":500,"caption":"AMSTEDMAXION"},"image":{"@id":"https:\/\/www.amstedmaxion.com.br\/#\/schema\/logo\/image\/"},"sameAs":["https:\/\/www.facebook.com\/AmstedMaxion.Oficial","https:\/\/br.linkedin.com\/company\/amstedmaxion"]},{"@type":"Person","@id":"https:\/\/www.amstedmaxion.com.br\/#\/schema\/person\/140cb65f07d4e66dd5543c8a187bf436","name":"Rosane Storto","image":{"@type":"ImageObject","inLanguage":"en-US","@id":"https:\/\/www.amstedmaxion.com.br\/#\/schema\/person\/image\/","url":"https:\/\/secure.gravatar.com\/avatar\/0e3d021545bbe593cb0eb3ee740544fefa86d59762e63dec1dbe9480a34c98cd?s=96&d=mm&r=g","contentUrl":"https:\/\/secure.gravatar.com\/avatar\/0e3d021545bbe593cb0eb3ee740544fefa86d59762e63dec1dbe9480a34c98cd?s=96&d=mm&r=g","caption":"Rosane Storto"}}]}},"_links":{"self":[{"href":"https:\/\/www.amstedmaxion.com.br\/en\/wp-json\/wp\/v2\/posts\/8208","targetHints":{"allow":["GET"]}}],"collection":[{"href":"https:\/\/www.amstedmaxion.com.br\/en\/wp-json\/wp\/v2\/posts"}],"about":[{"href":"https:\/\/www.amstedmaxion.com.br\/en\/wp-json\/wp\/v2\/types\/post"}],"author":[{"embeddable":true,"href":"https:\/\/www.amstedmaxion.com.br\/en\/wp-json\/wp\/v2\/users\/5"}],"replies":[{"embeddable":true,"href":"https:\/\/www.amstedmaxion.com.br\/en\/wp-json\/wp\/v2\/comments?post=8208"}],"version-history":[{"count":2,"href":"https:\/\/www.amstedmaxion.com.br\/en\/wp-json\/wp\/v2\/posts\/8208\/revisions"}],"predecessor-version":[{"id":24567,"href":"https:\/\/www.amstedmaxion.com.br\/en\/wp-json\/wp\/v2\/posts\/8208\/revisions\/24567"}],"wp:attachment":[{"href":"https:\/\/www.amstedmaxion.com.br\/en\/wp-json\/wp\/v2\/media?parent=8208"}],"wp:term":[{"taxonomy":"category","embeddable":true,"href":"https:\/\/www.amstedmaxion.com.br\/en\/wp-json\/wp\/v2\/categories?post=8208"},{"taxonomy":"post_tag","embeddable":true,"href":"https:\/\/www.amstedmaxion.com.br\/en\/wp-json\/wp\/v2\/tags?post=8208"}],"curies":[{"name":"wp","href":"https:\/\/api.w.org\/{rel}","templated":true}]}}