{"id":8593,"date":"2019-09-10T17:00:34","date_gmt":"2019-09-10T20:00:34","guid":{"rendered":"http:\/\/www.amstedmaxion.com.br\/?p=8593"},"modified":"2021-07-27T10:09:12","modified_gmt":"2021-07-27T13:09:12","slug":"obras-da-transnordestina-serao-retomadas-em-pernambuco","status":"publish","type":"post","link":"https:\/\/www.amstedmaxion.com.br\/en\/obras-da-transnordestina-serao-retomadas-em-pernambuco\/","title":{"rendered":"Obras da Transnordestina ser\u00e3o retomadas em Pernambuco"},"content":{"rendered":"<p>As obras da Ferrovia Transnordestina t\u00eam previs\u00e3o de serem retomadas no final de outubro em Pernambuco. Este trecho ainda n\u00e3o tinha perspectiva de ser reiniciado porque o trecho que compreendia o Cear\u00e1 estava na lista de prioridade. Por\u00e9m, a confirma\u00e7\u00e3o de que as obras ser\u00e3o tocadas de forma concomitante nos dois estados, al\u00e9m do Piau\u00ed, foi dada ontem por Jorge Mello, presidente da Transnordestina Log\u00edstica S.A. (TLSA), empresa que toca a constru\u00e7\u00e3o da ferrovia desde o seu in\u00edcio. A retomada da obra ser\u00e1 poss\u00edvel por conta do aporte de R$ 257 milh\u00f5es da TLSA, por\u00e9m o valor \u00e9 bem abaixo do necess\u00e1rio, na ordem de R$ 6,3 bilh\u00f5es, e ainda n\u00e3o h\u00e1 prazo para conclus\u00e3o das obras.<\/p>\n<p>&nbsp;<\/p>\n<p>Segundo Leonardo Cerquinho, presidente de Suape, que esteve reunido ontem com o presidente da TLSA e o diretor Jos\u00e9 Roberto Serra, as obras no Piau\u00ed e no Cear\u00e1 ser\u00e3o reiniciadas nos pr\u00f3ximos dias, mas que em Pernambuco v\u00e3o demorar um pouco mais para seguir os tr\u00e2mites. &#8220;As obras no estado n\u00e3o v\u00e3o recome\u00e7ar imediatamente como no Piau\u00ed e no Cear\u00e1 porque as construtoras l\u00e1 j\u00e1 est\u00e3o contratadas e aqui elas ainda ser\u00e3o consultadas. Ent\u00e3o a previs\u00e3o \u00e9 que elas sejam retomadas no final de outubro e que sigam de forma concomitante nos tr\u00eas estados&#8221;, explica. Cerquinho ainda afirmou que ser\u00e1 montado um grupo de trabalho para acompanhar o cronograma e apoiar a concession\u00e1ria nos projetos que ainda faltam. &#8220;Vamos ajudar a destravar os processos e esse grupo de trabalho vai acompanhar cada etapa&#8221;, acrescentou.<\/p>\n<p>&nbsp;<\/p>\n<p>A confirma\u00e7\u00e3o de que as obras no trecho que corresponde a Pernambuco ser\u00e1 tocada juntamente com os demais trechos foi comemorada pelo presidente de Suape, principalmente porque Pernambuco, inicialmente, n\u00e3o estava na prioridade da retomada das obras. &#8220;No ano passado, havia sido dito que a primeira etapa seria feita com a liga\u00e7\u00e3o para o porto de Pec\u00e9m, n\u00e3o tinha mais a perspectiva de vir at\u00e9 Suape. Mas a concession\u00e1ria tem a obriga\u00e7\u00e3o de fazer o trecho inteiro, trabalhamos pol\u00edtica e tecnicamente para isso. Por isso essa confirma\u00e7\u00e3o agora \u00e9 positiva&#8221;, comemorou. &#8220;At\u00e9 porque nada justificava deixar Suape para depois. A obra, para ir at\u00e9 o Pec\u00e9m, custa R$ 870 milh\u00f5es a mais e a mina de ferro que viabiliza a concess\u00e3o est\u00e1 80 Km mais perto de Suape. N\u00f3s n\u00e3o fazemos que v\u00e1 para o Pec\u00e9m, mas precisa chegar em Suape ao mesmo tempo. Baseado nisso, nos posicionamos de forma favor\u00e1vel e vamos ajudar a dar suporte&#8221;, acrescentou.<\/p>\n<p>&nbsp;<\/p>\n<p>O rein\u00edcio das obras acontece depois que o ministro da Infraestrutura, Tarc\u00edsio Gomes, declarou, em julho, que tinha chegado a um acordo com a TLSA para a empresa fazer um aporte de mais de R$ 250 milh\u00f5es para a retomada. &#8220;Por\u00e9m esse esse valor \u00e9 pequeno diante do necess\u00e1rio, mas depois v\u00e3o analisar como viabilizar o restante da obra com parceiros privados. Esse aporte foi uma exig\u00eancia para mostrar que a concession\u00e1ria tem boa f\u00e9 na inten\u00e7\u00e3o de concluir as obras&#8221;, ressaltou.<\/p>\n<p>&nbsp;<\/p>\n<p>As obras da Ferrovia Transnordestina tiveram in\u00edcio em 2006 e foram paralisadas 10 anos depois e ela vai ligar a cidade de Eliseu Martins, no Piau\u00ed, aos portos de Pec\u00e9m, no Cear\u00e1, e Suape, em Pernambuco. A previs\u00e3o inicial de conclus\u00e3o era para 2010 com R$ 6,3 bilh\u00f5es em recursos, por\u00e9m elas foram paralisadas por conta de entraves financeiros da TLSA, como administrar a verba e tamb\u00e9m em garantir novos recursos depois de revisar o or\u00e7amento.<\/p>\n<p>&nbsp;<\/p>\n<p>Fonte: Di\u00e1rio de Pernambuco<\/p>\n","protected":false},"excerpt":{"rendered":"<p>As obras da Ferrovia Transnordestina t\u00eam previs\u00e3o de serem retomadas no final de outubro em Pernambuco. Este trecho ainda n\u00e3o tinha perspectiva de ser reiniciado porque o trecho que compreendia o Cear\u00e1 estava na lista de prioridade. Por\u00e9m, a confirma\u00e7\u00e3o de que as obras ser\u00e3o tocadas de forma concomitante nos dois estados, al\u00e9m do Piau\u00ed, [&hellip;]<\/p>\n","protected":false},"author":5,"featured_media":0,"comment_status":"open","ping_status":"open","sticky":false,"template":"","format":"standard","meta":{"_acf_changed":false,"footnotes":""},"categories":[2],"tags":[],"class_list":["post-8593","post","type-post","status-publish","format-standard","hentry","category-noticias"],"acf":[],"yoast_head":"<!-- This site is optimized with the Yoast SEO plugin v23.9 - https:\/\/yoast.com\/wordpress\/plugins\/seo\/ -->\n<title>Obras da Transnordestina ser\u00e3o retomadas em Pernambuco - AmstedMaxion<\/title>\n<meta name=\"robots\" content=\"index, follow, max-snippet:-1, max-image-preview:large, max-video-preview:-1\" \/>\n<link rel=\"canonical\" href=\"https:\/\/www.amstedmaxion.com.br\/en\/obras-da-transnordestina-serao-retomadas-em-pernambuco\/\" \/>\n<meta property=\"og:locale\" content=\"en_US\" \/>\n<meta property=\"og:type\" content=\"article\" \/>\n<meta property=\"og:title\" content=\"Obras da Transnordestina ser\u00e3o retomadas em Pernambuco - AmstedMaxion\" \/>\n<meta property=\"og:description\" content=\"As obras da Ferrovia Transnordestina t\u00eam previs\u00e3o de serem retomadas no final de outubro em Pernambuco. Este trecho ainda n\u00e3o tinha perspectiva de ser reiniciado porque o trecho que compreendia o Cear\u00e1 estava na lista de prioridade. Por\u00e9m, a confirma\u00e7\u00e3o de que as obras ser\u00e3o tocadas de forma concomitante nos dois estados, al\u00e9m do Piau\u00ed, [&hellip;]\" \/>\n<meta property=\"og:url\" content=\"https:\/\/www.amstedmaxion.com.br\/en\/obras-da-transnordestina-serao-retomadas-em-pernambuco\/\" \/>\n<meta property=\"og:site_name\" content=\"AmstedMaxion\" \/>\n<meta property=\"article:publisher\" content=\"https:\/\/www.facebook.com\/AmstedMaxion.Oficial\" \/>\n<meta property=\"article:published_time\" content=\"2019-09-10T20:00:34+00:00\" \/>\n<meta property=\"article:modified_time\" content=\"2021-07-27T13:09:12+00:00\" \/>\n<meta name=\"author\" content=\"Rosane Storto\" \/>\n<meta name=\"twitter:card\" content=\"summary_large_image\" \/>\n<meta name=\"twitter:label1\" content=\"Written by\" \/>\n\t<meta name=\"twitter:data1\" content=\"Rosane Storto\" \/>\n\t<meta name=\"twitter:label2\" content=\"Est. reading time\" \/>\n\t<meta name=\"twitter:data2\" content=\"3 minutes\" \/>\n<script type=\"application\/ld+json\" class=\"yoast-schema-graph\">{\"@context\":\"https:\/\/schema.org\",\"@graph\":[{\"@type\":\"Article\",\"@id\":\"https:\/\/www.amstedmaxion.com.br\/en\/obras-da-transnordestina-serao-retomadas-em-pernambuco\/#article\",\"isPartOf\":{\"@id\":\"https:\/\/www.amstedmaxion.com.br\/en\/obras-da-transnordestina-serao-retomadas-em-pernambuco\/\"},\"author\":{\"name\":\"Rosane Storto\",\"@id\":\"https:\/\/www.amstedmaxion.com.br\/#\/schema\/person\/140cb65f07d4e66dd5543c8a187bf436\"},\"headline\":\"Obras da Transnordestina ser\u00e3o retomadas em Pernambuco\",\"datePublished\":\"2019-09-10T20:00:34+00:00\",\"dateModified\":\"2021-07-27T13:09:12+00:00\",\"mainEntityOfPage\":{\"@id\":\"https:\/\/www.amstedmaxion.com.br\/en\/obras-da-transnordestina-serao-retomadas-em-pernambuco\/\"},\"wordCount\":636,\"commentCount\":0,\"publisher\":{\"@id\":\"https:\/\/www.amstedmaxion.com.br\/#organization\"},\"articleSection\":[\"Not\u00edcias da AmstedMaxion\"],\"inLanguage\":\"en-US\",\"potentialAction\":[{\"@type\":\"CommentAction\",\"name\":\"Comment\",\"target\":[\"https:\/\/www.amstedmaxion.com.br\/en\/obras-da-transnordestina-serao-retomadas-em-pernambuco\/#respond\"]}]},{\"@type\":\"WebPage\",\"@id\":\"https:\/\/www.amstedmaxion.com.br\/en\/obras-da-transnordestina-serao-retomadas-em-pernambuco\/\",\"url\":\"https:\/\/www.amstedmaxion.com.br\/en\/obras-da-transnordestina-serao-retomadas-em-pernambuco\/\",\"name\":\"Obras da Transnordestina ser\u00e3o retomadas em Pernambuco - AmstedMaxion\",\"isPartOf\":{\"@id\":\"https:\/\/www.amstedmaxion.com.br\/#website\"},\"datePublished\":\"2019-09-10T20:00:34+00:00\",\"dateModified\":\"2021-07-27T13:09:12+00:00\",\"breadcrumb\":{\"@id\":\"https:\/\/www.amstedmaxion.com.br\/en\/obras-da-transnordestina-serao-retomadas-em-pernambuco\/#breadcrumb\"},\"inLanguage\":\"en-US\",\"potentialAction\":[{\"@type\":\"ReadAction\",\"target\":[\"https:\/\/www.amstedmaxion.com.br\/en\/obras-da-transnordestina-serao-retomadas-em-pernambuco\/\"]}]},{\"@type\":\"BreadcrumbList\",\"@id\":\"https:\/\/www.amstedmaxion.com.br\/en\/obras-da-transnordestina-serao-retomadas-em-pernambuco\/#breadcrumb\",\"itemListElement\":[{\"@type\":\"ListItem\",\"position\":1,\"name\":\"In\u00edcio\",\"item\":\"https:\/\/www.amstedmaxion.com.br\/\"},{\"@type\":\"ListItem\",\"position\":2,\"name\":\"Obras da Transnordestina ser\u00e3o retomadas em Pernambuco\"}]},{\"@type\":\"WebSite\",\"@id\":\"https:\/\/www.amstedmaxion.com.br\/#website\",\"url\":\"https:\/\/www.amstedmaxion.com.br\/\",\"name\":\"AmstedMaxion\",\"description\":\"AmstedMaxion - Fundi\u00e7\u00e3o e Equipamentos Ferrovi\u00e1rios\",\"publisher\":{\"@id\":\"https:\/\/www.amstedmaxion.com.br\/#organization\"},\"alternateName\":\"AmstedMaxion\",\"potentialAction\":[{\"@type\":\"SearchAction\",\"target\":{\"@type\":\"EntryPoint\",\"urlTemplate\":\"https:\/\/www.amstedmaxion.com.br\/?s={search_term_string}\"},\"query-input\":{\"@type\":\"PropertyValueSpecification\",\"valueRequired\":true,\"valueName\":\"search_term_string\"}}],\"inLanguage\":\"en-US\"},{\"@type\":\"Organization\",\"@id\":\"https:\/\/www.amstedmaxion.com.br\/#organization\",\"name\":\"AMSTEDMAXION\",\"url\":\"https:\/\/www.amstedmaxion.com.br\/\",\"logo\":{\"@type\":\"ImageObject\",\"inLanguage\":\"en-US\",\"@id\":\"https:\/\/www.amstedmaxion.com.br\/#\/schema\/logo\/image\/\",\"url\":\"https:\/\/www.amstedmaxion.com.br\/wp-content\/uploads\/2023\/11\/amsted.png\",\"contentUrl\":\"https:\/\/www.amstedmaxion.com.br\/wp-content\/uploads\/2023\/11\/amsted.png\",\"width\":500,\"height\":500,\"caption\":\"AMSTEDMAXION\"},\"image\":{\"@id\":\"https:\/\/www.amstedmaxion.com.br\/#\/schema\/logo\/image\/\"},\"sameAs\":[\"https:\/\/www.facebook.com\/AmstedMaxion.Oficial\",\"https:\/\/br.linkedin.com\/company\/amstedmaxion\"]},{\"@type\":\"Person\",\"@id\":\"https:\/\/www.amstedmaxion.com.br\/#\/schema\/person\/140cb65f07d4e66dd5543c8a187bf436\",\"name\":\"Rosane Storto\",\"image\":{\"@type\":\"ImageObject\",\"inLanguage\":\"en-US\",\"@id\":\"https:\/\/www.amstedmaxion.com.br\/#\/schema\/person\/image\/\",\"url\":\"https:\/\/secure.gravatar.com\/avatar\/0e3d021545bbe593cb0eb3ee740544fefa86d59762e63dec1dbe9480a34c98cd?s=96&d=mm&r=g\",\"contentUrl\":\"https:\/\/secure.gravatar.com\/avatar\/0e3d021545bbe593cb0eb3ee740544fefa86d59762e63dec1dbe9480a34c98cd?s=96&d=mm&r=g\",\"caption\":\"Rosane Storto\"}}]}<\/script>\n<!-- \/ Yoast SEO plugin. -->","yoast_head_json":{"title":"Obras da Transnordestina ser\u00e3o retomadas em Pernambuco - AmstedMaxion","robots":{"index":"index","follow":"follow","max-snippet":"max-snippet:-1","max-image-preview":"max-image-preview:large","max-video-preview":"max-video-preview:-1"},"canonical":"https:\/\/www.amstedmaxion.com.br\/en\/obras-da-transnordestina-serao-retomadas-em-pernambuco\/","og_locale":"en_US","og_type":"article","og_title":"Obras da Transnordestina ser\u00e3o retomadas em Pernambuco - AmstedMaxion","og_description":"As obras da Ferrovia Transnordestina t\u00eam previs\u00e3o de serem retomadas no final de outubro em Pernambuco. Este trecho ainda n\u00e3o tinha perspectiva de ser reiniciado porque o trecho que compreendia o Cear\u00e1 estava na lista de prioridade. Por\u00e9m, a confirma\u00e7\u00e3o de que as obras ser\u00e3o tocadas de forma concomitante nos dois estados, al\u00e9m do Piau\u00ed, [&hellip;]","og_url":"https:\/\/www.amstedmaxion.com.br\/en\/obras-da-transnordestina-serao-retomadas-em-pernambuco\/","og_site_name":"AmstedMaxion","article_publisher":"https:\/\/www.facebook.com\/AmstedMaxion.Oficial","article_published_time":"2019-09-10T20:00:34+00:00","article_modified_time":"2021-07-27T13:09:12+00:00","author":"Rosane Storto","twitter_card":"summary_large_image","twitter_misc":{"Written by":"Rosane Storto","Est. reading time":"3 minutes"},"schema":{"@context":"https:\/\/schema.org","@graph":[{"@type":"Article","@id":"https:\/\/www.amstedmaxion.com.br\/en\/obras-da-transnordestina-serao-retomadas-em-pernambuco\/#article","isPartOf":{"@id":"https:\/\/www.amstedmaxion.com.br\/en\/obras-da-transnordestina-serao-retomadas-em-pernambuco\/"},"author":{"name":"Rosane Storto","@id":"https:\/\/www.amstedmaxion.com.br\/#\/schema\/person\/140cb65f07d4e66dd5543c8a187bf436"},"headline":"Obras da Transnordestina ser\u00e3o retomadas em Pernambuco","datePublished":"2019-09-10T20:00:34+00:00","dateModified":"2021-07-27T13:09:12+00:00","mainEntityOfPage":{"@id":"https:\/\/www.amstedmaxion.com.br\/en\/obras-da-transnordestina-serao-retomadas-em-pernambuco\/"},"wordCount":636,"commentCount":0,"publisher":{"@id":"https:\/\/www.amstedmaxion.com.br\/#organization"},"articleSection":["Not\u00edcias da AmstedMaxion"],"inLanguage":"en-US","potentialAction":[{"@type":"CommentAction","name":"Comment","target":["https:\/\/www.amstedmaxion.com.br\/en\/obras-da-transnordestina-serao-retomadas-em-pernambuco\/#respond"]}]},{"@type":"WebPage","@id":"https:\/\/www.amstedmaxion.com.br\/en\/obras-da-transnordestina-serao-retomadas-em-pernambuco\/","url":"https:\/\/www.amstedmaxion.com.br\/en\/obras-da-transnordestina-serao-retomadas-em-pernambuco\/","name":"Obras da Transnordestina ser\u00e3o retomadas em Pernambuco - AmstedMaxion","isPartOf":{"@id":"https:\/\/www.amstedmaxion.com.br\/#website"},"datePublished":"2019-09-10T20:00:34+00:00","dateModified":"2021-07-27T13:09:12+00:00","breadcrumb":{"@id":"https:\/\/www.amstedmaxion.com.br\/en\/obras-da-transnordestina-serao-retomadas-em-pernambuco\/#breadcrumb"},"inLanguage":"en-US","potentialAction":[{"@type":"ReadAction","target":["https:\/\/www.amstedmaxion.com.br\/en\/obras-da-transnordestina-serao-retomadas-em-pernambuco\/"]}]},{"@type":"BreadcrumbList","@id":"https:\/\/www.amstedmaxion.com.br\/en\/obras-da-transnordestina-serao-retomadas-em-pernambuco\/#breadcrumb","itemListElement":[{"@type":"ListItem","position":1,"name":"In\u00edcio","item":"https:\/\/www.amstedmaxion.com.br\/"},{"@type":"ListItem","position":2,"name":"Obras da Transnordestina ser\u00e3o retomadas em Pernambuco"}]},{"@type":"WebSite","@id":"https:\/\/www.amstedmaxion.com.br\/#website","url":"https:\/\/www.amstedmaxion.com.br\/","name":"AmstedMaxion","description":"AmstedMaxion - Fundi\u00e7\u00e3o e Equipamentos Ferrovi\u00e1rios","publisher":{"@id":"https:\/\/www.amstedmaxion.com.br\/#organization"},"alternateName":"AmstedMaxion","potentialAction":[{"@type":"SearchAction","target":{"@type":"EntryPoint","urlTemplate":"https:\/\/www.amstedmaxion.com.br\/?s={search_term_string}"},"query-input":{"@type":"PropertyValueSpecification","valueRequired":true,"valueName":"search_term_string"}}],"inLanguage":"en-US"},{"@type":"Organization","@id":"https:\/\/www.amstedmaxion.com.br\/#organization","name":"AMSTEDMAXION","url":"https:\/\/www.amstedmaxion.com.br\/","logo":{"@type":"ImageObject","inLanguage":"en-US","@id":"https:\/\/www.amstedmaxion.com.br\/#\/schema\/logo\/image\/","url":"https:\/\/www.amstedmaxion.com.br\/wp-content\/uploads\/2023\/11\/amsted.png","contentUrl":"https:\/\/www.amstedmaxion.com.br\/wp-content\/uploads\/2023\/11\/amsted.png","width":500,"height":500,"caption":"AMSTEDMAXION"},"image":{"@id":"https:\/\/www.amstedmaxion.com.br\/#\/schema\/logo\/image\/"},"sameAs":["https:\/\/www.facebook.com\/AmstedMaxion.Oficial","https:\/\/br.linkedin.com\/company\/amstedmaxion"]},{"@type":"Person","@id":"https:\/\/www.amstedmaxion.com.br\/#\/schema\/person\/140cb65f07d4e66dd5543c8a187bf436","name":"Rosane Storto","image":{"@type":"ImageObject","inLanguage":"en-US","@id":"https:\/\/www.amstedmaxion.com.br\/#\/schema\/person\/image\/","url":"https:\/\/secure.gravatar.com\/avatar\/0e3d021545bbe593cb0eb3ee740544fefa86d59762e63dec1dbe9480a34c98cd?s=96&d=mm&r=g","contentUrl":"https:\/\/secure.gravatar.com\/avatar\/0e3d021545bbe593cb0eb3ee740544fefa86d59762e63dec1dbe9480a34c98cd?s=96&d=mm&r=g","caption":"Rosane Storto"}}]}},"_links":{"self":[{"href":"https:\/\/www.amstedmaxion.com.br\/en\/wp-json\/wp\/v2\/posts\/8593","targetHints":{"allow":["GET"]}}],"collection":[{"href":"https:\/\/www.amstedmaxion.com.br\/en\/wp-json\/wp\/v2\/posts"}],"about":[{"href":"https:\/\/www.amstedmaxion.com.br\/en\/wp-json\/wp\/v2\/types\/post"}],"author":[{"embeddable":true,"href":"https:\/\/www.amstedmaxion.com.br\/en\/wp-json\/wp\/v2\/users\/5"}],"replies":[{"embeddable":true,"href":"https:\/\/www.amstedmaxion.com.br\/en\/wp-json\/wp\/v2\/comments?post=8593"}],"version-history":[{"count":1,"href":"https:\/\/www.amstedmaxion.com.br\/en\/wp-json\/wp\/v2\/posts\/8593\/revisions"}],"predecessor-version":[{"id":8594,"href":"https:\/\/www.amstedmaxion.com.br\/en\/wp-json\/wp\/v2\/posts\/8593\/revisions\/8594"}],"wp:attachment":[{"href":"https:\/\/www.amstedmaxion.com.br\/en\/wp-json\/wp\/v2\/media?parent=8593"}],"wp:term":[{"taxonomy":"category","embeddable":true,"href":"https:\/\/www.amstedmaxion.com.br\/en\/wp-json\/wp\/v2\/categories?post=8593"},{"taxonomy":"post_tag","embeddable":true,"href":"https:\/\/www.amstedmaxion.com.br\/en\/wp-json\/wp\/v2\/tags?post=8593"}],"curies":[{"name":"wp","href":"https:\/\/api.w.org\/{rel}","templated":true}]}}