{"id":8890,"date":"2019-10-08T11:00:01","date_gmt":"2019-10-08T14:00:01","guid":{"rendered":"http:\/\/www.amstedmaxion.com.br\/?p=8890"},"modified":"2019-10-10T10:34:56","modified_gmt":"2019-10-10T13:34:56","slug":"gm-quer-transportar-carros-por-ferrovias","status":"publish","type":"post","link":"https:\/\/www.amstedmaxion.com.br\/en\/gm-quer-transportar-carros-por-ferrovias\/","title":{"rendered":"GM quer transportar carros por ferrovias"},"content":{"rendered":"<p>A General Motors avalia investir em parcerias com diferentes grupos empresariais para diversificar a forma de transportar ve\u00edculos exportados do Brasil para a Am\u00e9rica do Sul. Op\u00e7\u00f5es ao sistema rodovi\u00e1rio, como os modais ferrovi\u00e1rio, fluvial e cabotagem, est\u00e3o nos planos da empresa para reduzir custo log\u00edstico e melhorar a competitividade no mercado externo.<\/p>\n<p>&nbsp;<\/p>\n<p>Outros dois pilares s\u00e3o a melhora da produtividade local e a redu\u00e7\u00e3o da carga tribut\u00e1ria. Nesse caso, est\u00e3o adiantadas discuss\u00f5es com o governo para aumento da al\u00edquota do Reintegra (programa de incentivo \u00e0 exporta\u00e7\u00e3o) de 0,1% para 5%.<\/p>\n<p>&nbsp;<\/p>\n<p>Atualmente, a GM brasileira exporta 30 mil ve\u00edculos por ano para pa\u00edses da regi\u00e3o (excluindo a Argentina) e acredita ser poss\u00edvel atingir 150 mil a 180 mil unidades anuais, ou seja, cinco a seis vezes mais. &#8220;Desenvolver um sistema multimodal de transporte \u00e9 fundamental, pois com o custo log\u00edstico atual, \u00e9 dif\u00edcil competir para exportar&#8221;, diz o presidente da empresa na Am\u00e9rica do Sul, Carlos Zarlenga.<\/p>\n<p>&nbsp;<\/p>\n<p>Ele ainda n\u00e3o d\u00e1 detalhes de como est\u00e3o os estudos, mas ressalta ser poss\u00edvel, por exemplo, desenvolver o transporte ferrovi\u00e1rio, &#8220;como tem feito a Vale&#8221;. Segundo ele, a &#8220;GM n\u00e3o est\u00e1 sozinha&#8221; no projeto, que n\u00e3o seria s\u00f3 para exporta\u00e7\u00e3o de ve\u00edculos, mas de v\u00e1rios outros produtos.<\/p>\n<p>&nbsp;<\/p>\n<p>O governo tamb\u00e9m participar\u00e1 das discuss\u00f5es. Uma possibilidade n\u00e3o citada por ele seria a parceria com empresas concession\u00e1rias que j\u00e1 operam trechos ferrovi\u00e1rios ou cabotagem.<\/p>\n<p>&nbsp;<\/p>\n<p>Zarlenga informa que o grupo GM \u00e9 l\u00edder de vendas na regi\u00e3o que contempla Col\u00f4mbia, Equador, Chile, Peru, Bol\u00edvia, Paraguai e Uruguai h\u00e1 18 anos. Por\u00e9m, apenas 17% das vendas da marca s\u00e3o de ve\u00edculos fabricados no Brasil. A maior parte \u00e9 exportada por pa\u00edses como M\u00e9xico, China e Coreia do Sul, &#8220;todos bem longe da regi\u00e3o, mas com vantagens de custo&#8221;.<\/p>\n<p>&nbsp;<\/p>\n<p>Sete carros em 2020. Zarlenga diz que os ve\u00edculos que ser\u00e3o lan\u00e7ados no Pa\u00eds entre 2020 e 2024, dentro do plano de investimento de R$ 10 bilh\u00f5es anunciado em mar\u00e7o, ser\u00e3o todos voltados tamb\u00e9m \u00e0 exporta\u00e7\u00e3o. &#8220;Com o novo portf\u00f3lio e pre\u00e7os competitivos essa participa\u00e7\u00e3o nas vendas na regi\u00e3o poder\u00e1 chegar a 80% de carros produzidos localmente&#8221;, diz.<\/p>\n<p>&nbsp;<\/p>\n<p>A GM tem 30 lan\u00e7amentos previstos at\u00e9 2024, sendo 11 neste ano. Para 2020, ser\u00e3o sete novos carros, adianta Zarlenga.<\/p>\n<p>&nbsp;<\/p>\n<p>Dos projetos previstos para este ano, nove j\u00e1 foram lan\u00e7ados, entre os quais a nova gera\u00e7\u00e3o do Onix, que come\u00e7ou a chegar \u00e0s lojas h\u00e1 duas semanas na vers\u00e3o sed\u00e3. O modelo \u00e9 l\u00edder de vendas no Pa\u00eds h\u00e1 quatro anos.<\/p>\n<p>&nbsp;<\/p>\n<p>Outra novidade \u00e9 o el\u00e9trico Bolt, cujas vendas come\u00e7am neste m\u00eas a R$ 175 mil, valor que inclui o carregador de bateria e sua instala\u00e7\u00e3o. O modelo, importado dos Estados Unidos, tem autonomia de 400 km.<\/p>\n<p>&nbsp;<\/p>\n<p>Se a f\u00e1brica de Gravata\u00ed (RS) opera a todo vapor com o novo Onix, o mesmo n\u00e3o ocorre em S\u00e3o Caetano do Sul (SP), que tinha boa parte de sua produ\u00e7\u00e3o exportada para a Argentina, reduzidas drasticamente neste ano em raz\u00e3o de uma crise cambial. Zarlenga avalia com o Sindicato dos Metal\u00fargicos medidas para lidar com a ociosidade na f\u00e1brica.<\/p>\n<p>&nbsp;<\/p>\n<p>Fonte: Estad\u00e3o<\/p>\n","protected":false},"excerpt":{"rendered":"<p>A General Motors avalia investir em parcerias com diferentes grupos empresariais para diversificar a forma de transportar ve\u00edculos exportados do Brasil para a Am\u00e9rica do Sul. Op\u00e7\u00f5es ao sistema rodovi\u00e1rio, como os modais ferrovi\u00e1rio, fluvial e cabotagem, est\u00e3o nos planos da empresa para reduzir custo log\u00edstico e melhorar a competitividade no mercado externo. &nbsp; Outros [&hellip;]<\/p>\n","protected":false},"author":5,"featured_media":0,"comment_status":"open","ping_status":"open","sticky":false,"template":"","format":"standard","meta":{"_acf_changed":false,"footnotes":""},"categories":[2],"tags":[],"class_list":["post-8890","post","type-post","status-publish","format-standard","hentry","category-noticias"],"acf":[],"yoast_head":"<!-- This site is optimized with the Yoast SEO plugin v23.9 - https:\/\/yoast.com\/wordpress\/plugins\/seo\/ -->\n<title>GM quer transportar carros por ferrovias - AmstedMaxion<\/title>\n<meta name=\"robots\" content=\"index, follow, max-snippet:-1, max-image-preview:large, max-video-preview:-1\" \/>\n<link rel=\"canonical\" href=\"https:\/\/www.amstedmaxion.com.br\/gm-quer-transportar-carros-por-ferrovias\/\" \/>\n<meta property=\"og:locale\" content=\"en_US\" \/>\n<meta property=\"og:type\" content=\"article\" \/>\n<meta property=\"og:title\" content=\"GM quer transportar carros por ferrovias - AmstedMaxion\" \/>\n<meta property=\"og:description\" content=\"A General Motors avalia investir em parcerias com diferentes grupos empresariais para diversificar a forma de transportar ve\u00edculos exportados do Brasil para a Am\u00e9rica do Sul. Op\u00e7\u00f5es ao sistema rodovi\u00e1rio, como os modais ferrovi\u00e1rio, fluvial e cabotagem, est\u00e3o nos planos da empresa para reduzir custo log\u00edstico e melhorar a competitividade no mercado externo. &nbsp; Outros [&hellip;]\" \/>\n<meta property=\"og:url\" content=\"https:\/\/www.amstedmaxion.com.br\/gm-quer-transportar-carros-por-ferrovias\/\" \/>\n<meta property=\"og:site_name\" content=\"AmstedMaxion\" \/>\n<meta property=\"article:publisher\" content=\"https:\/\/www.facebook.com\/AmstedMaxion.Oficial\" \/>\n<meta property=\"article:published_time\" content=\"2019-10-08T14:00:01+00:00\" \/>\n<meta property=\"article:modified_time\" content=\"2019-10-10T13:34:56+00:00\" \/>\n<meta name=\"author\" content=\"Rosane Storto\" \/>\n<meta name=\"twitter:card\" content=\"summary_large_image\" \/>\n<meta name=\"twitter:label1\" content=\"Written by\" \/>\n\t<meta name=\"twitter:data1\" content=\"Rosane Storto\" \/>\n\t<meta name=\"twitter:label2\" content=\"Est. reading time\" \/>\n\t<meta name=\"twitter:data2\" content=\"3 minutes\" \/>\n<script type=\"application\/ld+json\" class=\"yoast-schema-graph\">{\"@context\":\"https:\/\/schema.org\",\"@graph\":[{\"@type\":\"Article\",\"@id\":\"https:\/\/www.amstedmaxion.com.br\/gm-quer-transportar-carros-por-ferrovias\/#article\",\"isPartOf\":{\"@id\":\"https:\/\/www.amstedmaxion.com.br\/gm-quer-transportar-carros-por-ferrovias\/\"},\"author\":{\"name\":\"Rosane Storto\",\"@id\":\"https:\/\/www.amstedmaxion.com.br\/#\/schema\/person\/140cb65f07d4e66dd5543c8a187bf436\"},\"headline\":\"GM quer transportar carros por ferrovias\",\"datePublished\":\"2019-10-08T14:00:01+00:00\",\"dateModified\":\"2019-10-10T13:34:56+00:00\",\"mainEntityOfPage\":{\"@id\":\"https:\/\/www.amstedmaxion.com.br\/gm-quer-transportar-carros-por-ferrovias\/\"},\"wordCount\":577,\"commentCount\":0,\"publisher\":{\"@id\":\"https:\/\/www.amstedmaxion.com.br\/#organization\"},\"articleSection\":[\"Not\u00edcias da AmstedMaxion\"],\"inLanguage\":\"en-US\",\"potentialAction\":[{\"@type\":\"CommentAction\",\"name\":\"Comment\",\"target\":[\"https:\/\/www.amstedmaxion.com.br\/gm-quer-transportar-carros-por-ferrovias\/#respond\"]}]},{\"@type\":\"WebPage\",\"@id\":\"https:\/\/www.amstedmaxion.com.br\/gm-quer-transportar-carros-por-ferrovias\/\",\"url\":\"https:\/\/www.amstedmaxion.com.br\/gm-quer-transportar-carros-por-ferrovias\/\",\"name\":\"GM quer transportar carros por ferrovias - AmstedMaxion\",\"isPartOf\":{\"@id\":\"https:\/\/www.amstedmaxion.com.br\/#website\"},\"datePublished\":\"2019-10-08T14:00:01+00:00\",\"dateModified\":\"2019-10-10T13:34:56+00:00\",\"breadcrumb\":{\"@id\":\"https:\/\/www.amstedmaxion.com.br\/gm-quer-transportar-carros-por-ferrovias\/#breadcrumb\"},\"inLanguage\":\"en-US\",\"potentialAction\":[{\"@type\":\"ReadAction\",\"target\":[\"https:\/\/www.amstedmaxion.com.br\/gm-quer-transportar-carros-por-ferrovias\/\"]}]},{\"@type\":\"BreadcrumbList\",\"@id\":\"https:\/\/www.amstedmaxion.com.br\/gm-quer-transportar-carros-por-ferrovias\/#breadcrumb\",\"itemListElement\":[{\"@type\":\"ListItem\",\"position\":1,\"name\":\"In\u00edcio\",\"item\":\"https:\/\/www.amstedmaxion.com.br\/\"},{\"@type\":\"ListItem\",\"position\":2,\"name\":\"GM quer transportar carros por ferrovias\"}]},{\"@type\":\"WebSite\",\"@id\":\"https:\/\/www.amstedmaxion.com.br\/#website\",\"url\":\"https:\/\/www.amstedmaxion.com.br\/\",\"name\":\"AmstedMaxion\",\"description\":\"AmstedMaxion - Fundi\u00e7\u00e3o e Equipamentos Ferrovi\u00e1rios\",\"publisher\":{\"@id\":\"https:\/\/www.amstedmaxion.com.br\/#organization\"},\"alternateName\":\"AmstedMaxion\",\"potentialAction\":[{\"@type\":\"SearchAction\",\"target\":{\"@type\":\"EntryPoint\",\"urlTemplate\":\"https:\/\/www.amstedmaxion.com.br\/?s={search_term_string}\"},\"query-input\":{\"@type\":\"PropertyValueSpecification\",\"valueRequired\":true,\"valueName\":\"search_term_string\"}}],\"inLanguage\":\"en-US\"},{\"@type\":\"Organization\",\"@id\":\"https:\/\/www.amstedmaxion.com.br\/#organization\",\"name\":\"AMSTEDMAXION\",\"url\":\"https:\/\/www.amstedmaxion.com.br\/\",\"logo\":{\"@type\":\"ImageObject\",\"inLanguage\":\"en-US\",\"@id\":\"https:\/\/www.amstedmaxion.com.br\/#\/schema\/logo\/image\/\",\"url\":\"https:\/\/www.amstedmaxion.com.br\/wp-content\/uploads\/2023\/11\/amsted.png\",\"contentUrl\":\"https:\/\/www.amstedmaxion.com.br\/wp-content\/uploads\/2023\/11\/amsted.png\",\"width\":500,\"height\":500,\"caption\":\"AMSTEDMAXION\"},\"image\":{\"@id\":\"https:\/\/www.amstedmaxion.com.br\/#\/schema\/logo\/image\/\"},\"sameAs\":[\"https:\/\/www.facebook.com\/AmstedMaxion.Oficial\",\"https:\/\/br.linkedin.com\/company\/amstedmaxion\"]},{\"@type\":\"Person\",\"@id\":\"https:\/\/www.amstedmaxion.com.br\/#\/schema\/person\/140cb65f07d4e66dd5543c8a187bf436\",\"name\":\"Rosane Storto\",\"image\":{\"@type\":\"ImageObject\",\"inLanguage\":\"en-US\",\"@id\":\"https:\/\/www.amstedmaxion.com.br\/#\/schema\/person\/image\/\",\"url\":\"https:\/\/secure.gravatar.com\/avatar\/0e3d021545bbe593cb0eb3ee740544fefa86d59762e63dec1dbe9480a34c98cd?s=96&d=mm&r=g\",\"contentUrl\":\"https:\/\/secure.gravatar.com\/avatar\/0e3d021545bbe593cb0eb3ee740544fefa86d59762e63dec1dbe9480a34c98cd?s=96&d=mm&r=g\",\"caption\":\"Rosane Storto\"}}]}<\/script>\n<!-- \/ Yoast SEO plugin. -->","yoast_head_json":{"title":"GM quer transportar carros por ferrovias - AmstedMaxion","robots":{"index":"index","follow":"follow","max-snippet":"max-snippet:-1","max-image-preview":"max-image-preview:large","max-video-preview":"max-video-preview:-1"},"canonical":"https:\/\/www.amstedmaxion.com.br\/gm-quer-transportar-carros-por-ferrovias\/","og_locale":"en_US","og_type":"article","og_title":"GM quer transportar carros por ferrovias - AmstedMaxion","og_description":"A General Motors avalia investir em parcerias com diferentes grupos empresariais para diversificar a forma de transportar ve\u00edculos exportados do Brasil para a Am\u00e9rica do Sul. Op\u00e7\u00f5es ao sistema rodovi\u00e1rio, como os modais ferrovi\u00e1rio, fluvial e cabotagem, est\u00e3o nos planos da empresa para reduzir custo log\u00edstico e melhorar a competitividade no mercado externo. &nbsp; Outros [&hellip;]","og_url":"https:\/\/www.amstedmaxion.com.br\/gm-quer-transportar-carros-por-ferrovias\/","og_site_name":"AmstedMaxion","article_publisher":"https:\/\/www.facebook.com\/AmstedMaxion.Oficial","article_published_time":"2019-10-08T14:00:01+00:00","article_modified_time":"2019-10-10T13:34:56+00:00","author":"Rosane Storto","twitter_card":"summary_large_image","twitter_misc":{"Written by":"Rosane Storto","Est. reading time":"3 minutes"},"schema":{"@context":"https:\/\/schema.org","@graph":[{"@type":"Article","@id":"https:\/\/www.amstedmaxion.com.br\/gm-quer-transportar-carros-por-ferrovias\/#article","isPartOf":{"@id":"https:\/\/www.amstedmaxion.com.br\/gm-quer-transportar-carros-por-ferrovias\/"},"author":{"name":"Rosane Storto","@id":"https:\/\/www.amstedmaxion.com.br\/#\/schema\/person\/140cb65f07d4e66dd5543c8a187bf436"},"headline":"GM quer transportar carros por ferrovias","datePublished":"2019-10-08T14:00:01+00:00","dateModified":"2019-10-10T13:34:56+00:00","mainEntityOfPage":{"@id":"https:\/\/www.amstedmaxion.com.br\/gm-quer-transportar-carros-por-ferrovias\/"},"wordCount":577,"commentCount":0,"publisher":{"@id":"https:\/\/www.amstedmaxion.com.br\/#organization"},"articleSection":["Not\u00edcias da AmstedMaxion"],"inLanguage":"en-US","potentialAction":[{"@type":"CommentAction","name":"Comment","target":["https:\/\/www.amstedmaxion.com.br\/gm-quer-transportar-carros-por-ferrovias\/#respond"]}]},{"@type":"WebPage","@id":"https:\/\/www.amstedmaxion.com.br\/gm-quer-transportar-carros-por-ferrovias\/","url":"https:\/\/www.amstedmaxion.com.br\/gm-quer-transportar-carros-por-ferrovias\/","name":"GM quer transportar carros por ferrovias - AmstedMaxion","isPartOf":{"@id":"https:\/\/www.amstedmaxion.com.br\/#website"},"datePublished":"2019-10-08T14:00:01+00:00","dateModified":"2019-10-10T13:34:56+00:00","breadcrumb":{"@id":"https:\/\/www.amstedmaxion.com.br\/gm-quer-transportar-carros-por-ferrovias\/#breadcrumb"},"inLanguage":"en-US","potentialAction":[{"@type":"ReadAction","target":["https:\/\/www.amstedmaxion.com.br\/gm-quer-transportar-carros-por-ferrovias\/"]}]},{"@type":"BreadcrumbList","@id":"https:\/\/www.amstedmaxion.com.br\/gm-quer-transportar-carros-por-ferrovias\/#breadcrumb","itemListElement":[{"@type":"ListItem","position":1,"name":"In\u00edcio","item":"https:\/\/www.amstedmaxion.com.br\/"},{"@type":"ListItem","position":2,"name":"GM quer transportar carros por ferrovias"}]},{"@type":"WebSite","@id":"https:\/\/www.amstedmaxion.com.br\/#website","url":"https:\/\/www.amstedmaxion.com.br\/","name":"AmstedMaxion","description":"AmstedMaxion - Fundi\u00e7\u00e3o e Equipamentos Ferrovi\u00e1rios","publisher":{"@id":"https:\/\/www.amstedmaxion.com.br\/#organization"},"alternateName":"AmstedMaxion","potentialAction":[{"@type":"SearchAction","target":{"@type":"EntryPoint","urlTemplate":"https:\/\/www.amstedmaxion.com.br\/?s={search_term_string}"},"query-input":{"@type":"PropertyValueSpecification","valueRequired":true,"valueName":"search_term_string"}}],"inLanguage":"en-US"},{"@type":"Organization","@id":"https:\/\/www.amstedmaxion.com.br\/#organization","name":"AMSTEDMAXION","url":"https:\/\/www.amstedmaxion.com.br\/","logo":{"@type":"ImageObject","inLanguage":"en-US","@id":"https:\/\/www.amstedmaxion.com.br\/#\/schema\/logo\/image\/","url":"https:\/\/www.amstedmaxion.com.br\/wp-content\/uploads\/2023\/11\/amsted.png","contentUrl":"https:\/\/www.amstedmaxion.com.br\/wp-content\/uploads\/2023\/11\/amsted.png","width":500,"height":500,"caption":"AMSTEDMAXION"},"image":{"@id":"https:\/\/www.amstedmaxion.com.br\/#\/schema\/logo\/image\/"},"sameAs":["https:\/\/www.facebook.com\/AmstedMaxion.Oficial","https:\/\/br.linkedin.com\/company\/amstedmaxion"]},{"@type":"Person","@id":"https:\/\/www.amstedmaxion.com.br\/#\/schema\/person\/140cb65f07d4e66dd5543c8a187bf436","name":"Rosane Storto","image":{"@type":"ImageObject","inLanguage":"en-US","@id":"https:\/\/www.amstedmaxion.com.br\/#\/schema\/person\/image\/","url":"https:\/\/secure.gravatar.com\/avatar\/0e3d021545bbe593cb0eb3ee740544fefa86d59762e63dec1dbe9480a34c98cd?s=96&d=mm&r=g","contentUrl":"https:\/\/secure.gravatar.com\/avatar\/0e3d021545bbe593cb0eb3ee740544fefa86d59762e63dec1dbe9480a34c98cd?s=96&d=mm&r=g","caption":"Rosane Storto"}}]}},"_links":{"self":[{"href":"https:\/\/www.amstedmaxion.com.br\/en\/wp-json\/wp\/v2\/posts\/8890","targetHints":{"allow":["GET"]}}],"collection":[{"href":"https:\/\/www.amstedmaxion.com.br\/en\/wp-json\/wp\/v2\/posts"}],"about":[{"href":"https:\/\/www.amstedmaxion.com.br\/en\/wp-json\/wp\/v2\/types\/post"}],"author":[{"embeddable":true,"href":"https:\/\/www.amstedmaxion.com.br\/en\/wp-json\/wp\/v2\/users\/5"}],"replies":[{"embeddable":true,"href":"https:\/\/www.amstedmaxion.com.br\/en\/wp-json\/wp\/v2\/comments?post=8890"}],"version-history":[{"count":1,"href":"https:\/\/www.amstedmaxion.com.br\/en\/wp-json\/wp\/v2\/posts\/8890\/revisions"}],"predecessor-version":[{"id":8891,"href":"https:\/\/www.amstedmaxion.com.br\/en\/wp-json\/wp\/v2\/posts\/8890\/revisions\/8891"}],"wp:attachment":[{"href":"https:\/\/www.amstedmaxion.com.br\/en\/wp-json\/wp\/v2\/media?parent=8890"}],"wp:term":[{"taxonomy":"category","embeddable":true,"href":"https:\/\/www.amstedmaxion.com.br\/en\/wp-json\/wp\/v2\/categories?post=8890"},{"taxonomy":"post_tag","embeddable":true,"href":"https:\/\/www.amstedmaxion.com.br\/en\/wp-json\/wp\/v2\/tags?post=8890"}],"curies":[{"name":"wp","href":"https:\/\/api.w.org\/{rel}","templated":true}]}}