{"id":8999,"date":"2019-10-15T08:02:03","date_gmt":"2019-10-15T11:02:03","guid":{"rendered":"http:\/\/www.amstedmaxion.com.br\/?p=8999"},"modified":"2019-10-17T08:09:36","modified_gmt":"2019-10-17T11:09:36","slug":"expansao-da-malha-ferroviaria-liderancas-da-regiao-sul-irao-a-brasilia-para-apresentar-a-demanda","status":"publish","type":"post","link":"https:\/\/www.amstedmaxion.com.br\/en\/expansao-da-malha-ferroviaria-liderancas-da-regiao-sul-irao-a-brasilia-para-apresentar-a-demanda\/","title":{"rendered":"Expans\u00e3o da Malha Ferrovi\u00e1ria: lideran\u00e7as da Regi\u00e3o Sul ir\u00e3o a Bras\u00edlia para apresentar a demanda"},"content":{"rendered":"<p>A expans\u00e3o da malha ferrovi\u00e1ria no Estado foi pauta de encontro hoje pela manh\u00e3 (14), com lideran\u00e7as da regi\u00e3o, entre elas presidentes das Associa\u00e7\u00f5es Empresariais e deputados estaduais da Bancada do Sul. O encontro aconteceu na ACIC (Associa\u00e7\u00e3o Empresarial de Crici\u00fama), e definiu que eles buscar\u00e3o apoio em Bras\u00edlia, com integrantes do F\u00f3rum Parlamentar Catarinense, onde apresentar\u00e3o a demanda.<\/p>\n<p>&nbsp;<\/p>\n<p>Para o presidente da ACIT, Edson Martins Ant\u00f4nio, este \u00e9 o primeiro movimento, mas o grupo est\u00e1 otimista. \u201cVamos discutir at\u00e9 que aconte\u00e7a. \u00c9 a oportunidade de nos unirmos para impulsionar o Executivo a tamb\u00e9m fazer press\u00e3o sobre o Governo Federal\u201d.<\/p>\n<p>&nbsp;<\/p>\n<p>O presidente da ACIC, Moacir Dagostin, destacou o envolvimento das lideran\u00e7as. \u201c\u00c9 necess\u00e1rio destacar o envolvimento dos parlamentares, da classe empresarial e da sociedade civil organizada neste encontro e o encaminhamento que ser\u00e1 dado, de irmos a Bras\u00edlia, sensibilizarmos o Governo Federal de incluir Santa Catarina, e principalmente o Sul do Estado, nesta malha ferrovi\u00e1ria\u201d.<\/p>\n<p>&nbsp;<\/p>\n<p>Para o presidente da ALESC (Assembleia Legislativa do Estado de SC), deputado J\u00falio Garcia, este encontro requer celeridade. \u201cPrecisamos o quanto antes marcar essa reuni\u00e3o com o F\u00f3rum Parlamentar Catarinense\u201d.<\/p>\n<p>&nbsp;<\/p>\n<p>Para o Presidente do Conselho da ANTF (Ag\u00eancia Nacional de Transportes Ferrovi\u00e1rios), Benony Schmitz Filho, que tamb\u00e9m \u00e9 Diretor Presidente da Ferrovia Tereza Cristina SA e participou do encontro, \u00e9 preciso que o Governo Federal termine o projeto iniciado h\u00e1 17 anos. \u201cIsso tem que ir para a pauta. A realiza\u00e7\u00e3o das obras vai depender do futuro do pa\u00eds\u201d, afirmou.<\/p>\n<p>&nbsp;<\/p>\n<p>Fonte: Notisul<\/p>\n","protected":false},"excerpt":{"rendered":"<p>A expans\u00e3o da malha ferrovi\u00e1ria no Estado foi pauta de encontro hoje pela manh\u00e3 (14), com lideran\u00e7as da regi\u00e3o, entre elas presidentes das Associa\u00e7\u00f5es Empresariais e deputados estaduais da Bancada do Sul. O encontro aconteceu na ACIC (Associa\u00e7\u00e3o Empresarial de Crici\u00fama), e definiu que eles buscar\u00e3o apoio em Bras\u00edlia, com integrantes do F\u00f3rum Parlamentar Catarinense, [&hellip;]<\/p>\n","protected":false},"author":5,"featured_media":0,"comment_status":"open","ping_status":"open","sticky":false,"template":"","format":"standard","meta":{"_acf_changed":false,"footnotes":""},"categories":[2],"tags":[],"class_list":["post-8999","post","type-post","status-publish","format-standard","hentry","category-noticias"],"acf":[],"yoast_head":"<!-- This site is optimized with the Yoast SEO plugin v23.9 - https:\/\/yoast.com\/wordpress\/plugins\/seo\/ -->\n<title>Expans\u00e3o da Malha Ferrovi\u00e1ria: lideran\u00e7as da Regi\u00e3o Sul ir\u00e3o a Bras\u00edlia para apresentar a demanda - AmstedMaxion<\/title>\n<meta name=\"robots\" content=\"index, follow, max-snippet:-1, max-image-preview:large, max-video-preview:-1\" \/>\n<link rel=\"canonical\" href=\"https:\/\/www.amstedmaxion.com.br\/en\/expansao-da-malha-ferroviaria-liderancas-da-regiao-sul-irao-a-brasilia-para-apresentar-a-demanda\/\" \/>\n<meta property=\"og:locale\" content=\"en_US\" \/>\n<meta property=\"og:type\" content=\"article\" \/>\n<meta property=\"og:title\" content=\"Expans\u00e3o da Malha Ferrovi\u00e1ria: lideran\u00e7as da Regi\u00e3o Sul ir\u00e3o a Bras\u00edlia para apresentar a demanda - AmstedMaxion\" \/>\n<meta property=\"og:description\" content=\"A expans\u00e3o da malha ferrovi\u00e1ria no Estado foi pauta de encontro hoje pela manh\u00e3 (14), com lideran\u00e7as da regi\u00e3o, entre elas presidentes das Associa\u00e7\u00f5es Empresariais e deputados estaduais da Bancada do Sul. O encontro aconteceu na ACIC (Associa\u00e7\u00e3o Empresarial de Crici\u00fama), e definiu que eles buscar\u00e3o apoio em Bras\u00edlia, com integrantes do F\u00f3rum Parlamentar Catarinense, [&hellip;]\" \/>\n<meta property=\"og:url\" content=\"https:\/\/www.amstedmaxion.com.br\/en\/expansao-da-malha-ferroviaria-liderancas-da-regiao-sul-irao-a-brasilia-para-apresentar-a-demanda\/\" \/>\n<meta property=\"og:site_name\" content=\"AmstedMaxion\" \/>\n<meta property=\"article:publisher\" content=\"https:\/\/www.facebook.com\/AmstedMaxion.Oficial\" \/>\n<meta property=\"article:published_time\" content=\"2019-10-15T11:02:03+00:00\" \/>\n<meta property=\"article:modified_time\" content=\"2019-10-17T11:09:36+00:00\" \/>\n<meta name=\"author\" content=\"Rosane Storto\" \/>\n<meta name=\"twitter:card\" content=\"summary_large_image\" \/>\n<meta name=\"twitter:label1\" content=\"Written by\" \/>\n\t<meta name=\"twitter:data1\" content=\"Rosane Storto\" \/>\n\t<meta name=\"twitter:label2\" content=\"Est. reading time\" \/>\n\t<meta name=\"twitter:data2\" content=\"1 minute\" \/>\n<script type=\"application\/ld+json\" class=\"yoast-schema-graph\">{\"@context\":\"https:\/\/schema.org\",\"@graph\":[{\"@type\":\"Article\",\"@id\":\"https:\/\/www.amstedmaxion.com.br\/en\/expansao-da-malha-ferroviaria-liderancas-da-regiao-sul-irao-a-brasilia-para-apresentar-a-demanda\/#article\",\"isPartOf\":{\"@id\":\"https:\/\/www.amstedmaxion.com.br\/en\/expansao-da-malha-ferroviaria-liderancas-da-regiao-sul-irao-a-brasilia-para-apresentar-a-demanda\/\"},\"author\":{\"name\":\"Rosane Storto\",\"@id\":\"https:\/\/www.amstedmaxion.com.br\/#\/schema\/person\/140cb65f07d4e66dd5543c8a187bf436\"},\"headline\":\"Expans\u00e3o da Malha Ferrovi\u00e1ria: lideran\u00e7as da Regi\u00e3o Sul ir\u00e3o a Bras\u00edlia para apresentar a demanda\",\"datePublished\":\"2019-10-15T11:02:03+00:00\",\"dateModified\":\"2019-10-17T11:09:36+00:00\",\"mainEntityOfPage\":{\"@id\":\"https:\/\/www.amstedmaxion.com.br\/en\/expansao-da-malha-ferroviaria-liderancas-da-regiao-sul-irao-a-brasilia-para-apresentar-a-demanda\/\"},\"wordCount\":293,\"commentCount\":0,\"publisher\":{\"@id\":\"https:\/\/www.amstedmaxion.com.br\/#organization\"},\"articleSection\":[\"Not\u00edcias da AmstedMaxion\"],\"inLanguage\":\"en-US\",\"potentialAction\":[{\"@type\":\"CommentAction\",\"name\":\"Comment\",\"target\":[\"https:\/\/www.amstedmaxion.com.br\/en\/expansao-da-malha-ferroviaria-liderancas-da-regiao-sul-irao-a-brasilia-para-apresentar-a-demanda\/#respond\"]}]},{\"@type\":\"WebPage\",\"@id\":\"https:\/\/www.amstedmaxion.com.br\/en\/expansao-da-malha-ferroviaria-liderancas-da-regiao-sul-irao-a-brasilia-para-apresentar-a-demanda\/\",\"url\":\"https:\/\/www.amstedmaxion.com.br\/en\/expansao-da-malha-ferroviaria-liderancas-da-regiao-sul-irao-a-brasilia-para-apresentar-a-demanda\/\",\"name\":\"Expans\u00e3o da Malha Ferrovi\u00e1ria: lideran\u00e7as da Regi\u00e3o Sul ir\u00e3o a Bras\u00edlia para apresentar a demanda - AmstedMaxion\",\"isPartOf\":{\"@id\":\"https:\/\/www.amstedmaxion.com.br\/#website\"},\"datePublished\":\"2019-10-15T11:02:03+00:00\",\"dateModified\":\"2019-10-17T11:09:36+00:00\",\"breadcrumb\":{\"@id\":\"https:\/\/www.amstedmaxion.com.br\/en\/expansao-da-malha-ferroviaria-liderancas-da-regiao-sul-irao-a-brasilia-para-apresentar-a-demanda\/#breadcrumb\"},\"inLanguage\":\"en-US\",\"potentialAction\":[{\"@type\":\"ReadAction\",\"target\":[\"https:\/\/www.amstedmaxion.com.br\/en\/expansao-da-malha-ferroviaria-liderancas-da-regiao-sul-irao-a-brasilia-para-apresentar-a-demanda\/\"]}]},{\"@type\":\"BreadcrumbList\",\"@id\":\"https:\/\/www.amstedmaxion.com.br\/en\/expansao-da-malha-ferroviaria-liderancas-da-regiao-sul-irao-a-brasilia-para-apresentar-a-demanda\/#breadcrumb\",\"itemListElement\":[{\"@type\":\"ListItem\",\"position\":1,\"name\":\"In\u00edcio\",\"item\":\"https:\/\/www.amstedmaxion.com.br\/\"},{\"@type\":\"ListItem\",\"position\":2,\"name\":\"Expans\u00e3o da Malha Ferrovi\u00e1ria: lideran\u00e7as da Regi\u00e3o Sul ir\u00e3o a Bras\u00edlia para apresentar a demanda\"}]},{\"@type\":\"WebSite\",\"@id\":\"https:\/\/www.amstedmaxion.com.br\/#website\",\"url\":\"https:\/\/www.amstedmaxion.com.br\/\",\"name\":\"AmstedMaxion\",\"description\":\"AmstedMaxion - Fundi\u00e7\u00e3o e Equipamentos Ferrovi\u00e1rios\",\"publisher\":{\"@id\":\"https:\/\/www.amstedmaxion.com.br\/#organization\"},\"alternateName\":\"AmstedMaxion\",\"potentialAction\":[{\"@type\":\"SearchAction\",\"target\":{\"@type\":\"EntryPoint\",\"urlTemplate\":\"https:\/\/www.amstedmaxion.com.br\/?s={search_term_string}\"},\"query-input\":{\"@type\":\"PropertyValueSpecification\",\"valueRequired\":true,\"valueName\":\"search_term_string\"}}],\"inLanguage\":\"en-US\"},{\"@type\":\"Organization\",\"@id\":\"https:\/\/www.amstedmaxion.com.br\/#organization\",\"name\":\"AMSTEDMAXION\",\"url\":\"https:\/\/www.amstedmaxion.com.br\/\",\"logo\":{\"@type\":\"ImageObject\",\"inLanguage\":\"en-US\",\"@id\":\"https:\/\/www.amstedmaxion.com.br\/#\/schema\/logo\/image\/\",\"url\":\"https:\/\/www.amstedmaxion.com.br\/wp-content\/uploads\/2023\/11\/amsted.png\",\"contentUrl\":\"https:\/\/www.amstedmaxion.com.br\/wp-content\/uploads\/2023\/11\/amsted.png\",\"width\":500,\"height\":500,\"caption\":\"AMSTEDMAXION\"},\"image\":{\"@id\":\"https:\/\/www.amstedmaxion.com.br\/#\/schema\/logo\/image\/\"},\"sameAs\":[\"https:\/\/www.facebook.com\/AmstedMaxion.Oficial\",\"https:\/\/br.linkedin.com\/company\/amstedmaxion\"]},{\"@type\":\"Person\",\"@id\":\"https:\/\/www.amstedmaxion.com.br\/#\/schema\/person\/140cb65f07d4e66dd5543c8a187bf436\",\"name\":\"Rosane Storto\",\"image\":{\"@type\":\"ImageObject\",\"inLanguage\":\"en-US\",\"@id\":\"https:\/\/www.amstedmaxion.com.br\/#\/schema\/person\/image\/\",\"url\":\"https:\/\/secure.gravatar.com\/avatar\/0e3d021545bbe593cb0eb3ee740544fefa86d59762e63dec1dbe9480a34c98cd?s=96&d=mm&r=g\",\"contentUrl\":\"https:\/\/secure.gravatar.com\/avatar\/0e3d021545bbe593cb0eb3ee740544fefa86d59762e63dec1dbe9480a34c98cd?s=96&d=mm&r=g\",\"caption\":\"Rosane Storto\"}}]}<\/script>\n<!-- \/ Yoast SEO plugin. -->","yoast_head_json":{"title":"Expans\u00e3o da Malha Ferrovi\u00e1ria: lideran\u00e7as da Regi\u00e3o Sul ir\u00e3o a Bras\u00edlia para apresentar a demanda - AmstedMaxion","robots":{"index":"index","follow":"follow","max-snippet":"max-snippet:-1","max-image-preview":"max-image-preview:large","max-video-preview":"max-video-preview:-1"},"canonical":"https:\/\/www.amstedmaxion.com.br\/en\/expansao-da-malha-ferroviaria-liderancas-da-regiao-sul-irao-a-brasilia-para-apresentar-a-demanda\/","og_locale":"en_US","og_type":"article","og_title":"Expans\u00e3o da Malha Ferrovi\u00e1ria: lideran\u00e7as da Regi\u00e3o Sul ir\u00e3o a Bras\u00edlia para apresentar a demanda - AmstedMaxion","og_description":"A expans\u00e3o da malha ferrovi\u00e1ria no Estado foi pauta de encontro hoje pela manh\u00e3 (14), com lideran\u00e7as da regi\u00e3o, entre elas presidentes das Associa\u00e7\u00f5es Empresariais e deputados estaduais da Bancada do Sul. O encontro aconteceu na ACIC (Associa\u00e7\u00e3o Empresarial de Crici\u00fama), e definiu que eles buscar\u00e3o apoio em Bras\u00edlia, com integrantes do F\u00f3rum Parlamentar Catarinense, [&hellip;]","og_url":"https:\/\/www.amstedmaxion.com.br\/en\/expansao-da-malha-ferroviaria-liderancas-da-regiao-sul-irao-a-brasilia-para-apresentar-a-demanda\/","og_site_name":"AmstedMaxion","article_publisher":"https:\/\/www.facebook.com\/AmstedMaxion.Oficial","article_published_time":"2019-10-15T11:02:03+00:00","article_modified_time":"2019-10-17T11:09:36+00:00","author":"Rosane Storto","twitter_card":"summary_large_image","twitter_misc":{"Written by":"Rosane Storto","Est. reading time":"1 minute"},"schema":{"@context":"https:\/\/schema.org","@graph":[{"@type":"Article","@id":"https:\/\/www.amstedmaxion.com.br\/en\/expansao-da-malha-ferroviaria-liderancas-da-regiao-sul-irao-a-brasilia-para-apresentar-a-demanda\/#article","isPartOf":{"@id":"https:\/\/www.amstedmaxion.com.br\/en\/expansao-da-malha-ferroviaria-liderancas-da-regiao-sul-irao-a-brasilia-para-apresentar-a-demanda\/"},"author":{"name":"Rosane Storto","@id":"https:\/\/www.amstedmaxion.com.br\/#\/schema\/person\/140cb65f07d4e66dd5543c8a187bf436"},"headline":"Expans\u00e3o da Malha Ferrovi\u00e1ria: lideran\u00e7as da Regi\u00e3o Sul ir\u00e3o a Bras\u00edlia para apresentar a demanda","datePublished":"2019-10-15T11:02:03+00:00","dateModified":"2019-10-17T11:09:36+00:00","mainEntityOfPage":{"@id":"https:\/\/www.amstedmaxion.com.br\/en\/expansao-da-malha-ferroviaria-liderancas-da-regiao-sul-irao-a-brasilia-para-apresentar-a-demanda\/"},"wordCount":293,"commentCount":0,"publisher":{"@id":"https:\/\/www.amstedmaxion.com.br\/#organization"},"articleSection":["Not\u00edcias da AmstedMaxion"],"inLanguage":"en-US","potentialAction":[{"@type":"CommentAction","name":"Comment","target":["https:\/\/www.amstedmaxion.com.br\/en\/expansao-da-malha-ferroviaria-liderancas-da-regiao-sul-irao-a-brasilia-para-apresentar-a-demanda\/#respond"]}]},{"@type":"WebPage","@id":"https:\/\/www.amstedmaxion.com.br\/en\/expansao-da-malha-ferroviaria-liderancas-da-regiao-sul-irao-a-brasilia-para-apresentar-a-demanda\/","url":"https:\/\/www.amstedmaxion.com.br\/en\/expansao-da-malha-ferroviaria-liderancas-da-regiao-sul-irao-a-brasilia-para-apresentar-a-demanda\/","name":"Expans\u00e3o da Malha Ferrovi\u00e1ria: lideran\u00e7as da Regi\u00e3o Sul ir\u00e3o a Bras\u00edlia para apresentar a demanda - AmstedMaxion","isPartOf":{"@id":"https:\/\/www.amstedmaxion.com.br\/#website"},"datePublished":"2019-10-15T11:02:03+00:00","dateModified":"2019-10-17T11:09:36+00:00","breadcrumb":{"@id":"https:\/\/www.amstedmaxion.com.br\/en\/expansao-da-malha-ferroviaria-liderancas-da-regiao-sul-irao-a-brasilia-para-apresentar-a-demanda\/#breadcrumb"},"inLanguage":"en-US","potentialAction":[{"@type":"ReadAction","target":["https:\/\/www.amstedmaxion.com.br\/en\/expansao-da-malha-ferroviaria-liderancas-da-regiao-sul-irao-a-brasilia-para-apresentar-a-demanda\/"]}]},{"@type":"BreadcrumbList","@id":"https:\/\/www.amstedmaxion.com.br\/en\/expansao-da-malha-ferroviaria-liderancas-da-regiao-sul-irao-a-brasilia-para-apresentar-a-demanda\/#breadcrumb","itemListElement":[{"@type":"ListItem","position":1,"name":"In\u00edcio","item":"https:\/\/www.amstedmaxion.com.br\/"},{"@type":"ListItem","position":2,"name":"Expans\u00e3o da Malha Ferrovi\u00e1ria: lideran\u00e7as da Regi\u00e3o Sul ir\u00e3o a Bras\u00edlia para apresentar a demanda"}]},{"@type":"WebSite","@id":"https:\/\/www.amstedmaxion.com.br\/#website","url":"https:\/\/www.amstedmaxion.com.br\/","name":"AmstedMaxion","description":"AmstedMaxion - Fundi\u00e7\u00e3o e Equipamentos Ferrovi\u00e1rios","publisher":{"@id":"https:\/\/www.amstedmaxion.com.br\/#organization"},"alternateName":"AmstedMaxion","potentialAction":[{"@type":"SearchAction","target":{"@type":"EntryPoint","urlTemplate":"https:\/\/www.amstedmaxion.com.br\/?s={search_term_string}"},"query-input":{"@type":"PropertyValueSpecification","valueRequired":true,"valueName":"search_term_string"}}],"inLanguage":"en-US"},{"@type":"Organization","@id":"https:\/\/www.amstedmaxion.com.br\/#organization","name":"AMSTEDMAXION","url":"https:\/\/www.amstedmaxion.com.br\/","logo":{"@type":"ImageObject","inLanguage":"en-US","@id":"https:\/\/www.amstedmaxion.com.br\/#\/schema\/logo\/image\/","url":"https:\/\/www.amstedmaxion.com.br\/wp-content\/uploads\/2023\/11\/amsted.png","contentUrl":"https:\/\/www.amstedmaxion.com.br\/wp-content\/uploads\/2023\/11\/amsted.png","width":500,"height":500,"caption":"AMSTEDMAXION"},"image":{"@id":"https:\/\/www.amstedmaxion.com.br\/#\/schema\/logo\/image\/"},"sameAs":["https:\/\/www.facebook.com\/AmstedMaxion.Oficial","https:\/\/br.linkedin.com\/company\/amstedmaxion"]},{"@type":"Person","@id":"https:\/\/www.amstedmaxion.com.br\/#\/schema\/person\/140cb65f07d4e66dd5543c8a187bf436","name":"Rosane Storto","image":{"@type":"ImageObject","inLanguage":"en-US","@id":"https:\/\/www.amstedmaxion.com.br\/#\/schema\/person\/image\/","url":"https:\/\/secure.gravatar.com\/avatar\/0e3d021545bbe593cb0eb3ee740544fefa86d59762e63dec1dbe9480a34c98cd?s=96&d=mm&r=g","contentUrl":"https:\/\/secure.gravatar.com\/avatar\/0e3d021545bbe593cb0eb3ee740544fefa86d59762e63dec1dbe9480a34c98cd?s=96&d=mm&r=g","caption":"Rosane Storto"}}]}},"_links":{"self":[{"href":"https:\/\/www.amstedmaxion.com.br\/en\/wp-json\/wp\/v2\/posts\/8999","targetHints":{"allow":["GET"]}}],"collection":[{"href":"https:\/\/www.amstedmaxion.com.br\/en\/wp-json\/wp\/v2\/posts"}],"about":[{"href":"https:\/\/www.amstedmaxion.com.br\/en\/wp-json\/wp\/v2\/types\/post"}],"author":[{"embeddable":true,"href":"https:\/\/www.amstedmaxion.com.br\/en\/wp-json\/wp\/v2\/users\/5"}],"replies":[{"embeddable":true,"href":"https:\/\/www.amstedmaxion.com.br\/en\/wp-json\/wp\/v2\/comments?post=8999"}],"version-history":[{"count":1,"href":"https:\/\/www.amstedmaxion.com.br\/en\/wp-json\/wp\/v2\/posts\/8999\/revisions"}],"predecessor-version":[{"id":9001,"href":"https:\/\/www.amstedmaxion.com.br\/en\/wp-json\/wp\/v2\/posts\/8999\/revisions\/9001"}],"wp:attachment":[{"href":"https:\/\/www.amstedmaxion.com.br\/en\/wp-json\/wp\/v2\/media?parent=8999"}],"wp:term":[{"taxonomy":"category","embeddable":true,"href":"https:\/\/www.amstedmaxion.com.br\/en\/wp-json\/wp\/v2\/categories?post=8999"},{"taxonomy":"post_tag","embeddable":true,"href":"https:\/\/www.amstedmaxion.com.br\/en\/wp-json\/wp\/v2\/tags?post=8999"}],"curies":[{"name":"wp","href":"https:\/\/api.w.org\/{rel}","templated":true}]}}