{"id":9317,"date":"2019-11-05T15:28:38","date_gmt":"2019-11-05T18:28:38","guid":{"rendered":"http:\/\/www.amstedmaxion.com.br\/?p=9317"},"modified":"2019-11-07T15:55:06","modified_gmt":"2019-11-07T18:55:06","slug":"exposicao-sobre-a-fabrica-nacional-de-vagoes-e-prorrogada-ate-6-de-dezembro","status":"publish","type":"post","link":"https:\/\/www.amstedmaxion.com.br\/en\/exposicao-sobre-a-fabrica-nacional-de-vagoes-e-prorrogada-ate-6-de-dezembro\/","title":{"rendered":"Exposi\u00e7\u00e3o sobre a F\u00e1brica Nacional de Vag\u00f5es \u00e9 prorrogada at\u00e9 21 de novembro"},"content":{"rendered":"<p>A exposi\u00e7\u00e3o <strong>&#8220;F\u00e1brica: hist\u00f3ria, mem\u00f3rias e vidas em Cruzeiro&#8221;<\/strong>, que apresenta imagens fotogr\u00e1ficas que contam a hist\u00f3ria da primeira f\u00e1brica de vag\u00f5es do Brasil, foi prorrogada at\u00e9 o dia 6 de dezembro, no Museu Major Novaes, em Cruzeiro\/SP. Al\u00e9m das imagens fotogr\u00e1ficas, os visitantes poder\u00e3o ver algumas das pe\u00e7as produzidas na fundi\u00e7\u00e3o da empresa, que atende os mercados ferrovi\u00e1rio e industrial.<\/p>\n<p>&nbsp;<\/p>\n<p>Origin\u00e1ria da F\u00e1brica Nacional de Vag\u00f5es (FNV), a AmstedMaxion iniciou suas atividades em 22 de outubro de 1943, quando, no governo Get\u00falio Vargas, decide criar a FNV &#8211; F\u00e1brica Nacional de Vag\u00f5es, com o intuito de fortalecer a ind\u00fastria nacional e ampliar a ferrovia no Brasil. Em 1990, a FNV foi adquirida pelo grupo brasileiro Iochpe que, em 1998, devido \u00e0 crescente expans\u00e3o de suas atividades, decidiu dividir a empresa em duas unidades distintas: a Maxion \u2013 Fundi\u00e7\u00e3o e Equipamentos Ferrovi\u00e1rios voltada para o setor ferrovi\u00e1rio e fundi\u00e7\u00e3o; e a Maxion Componentes Estruturais, atuando no setor de autope\u00e7as e Implementos Rodovi\u00e1rios. A partir de uma joint venture entre a brasileira Iochpe-Maxion e a americana Amsted Industries Inc, foi formada em 2000 a AmstedMaxion.<\/p>\n<p>&nbsp;<\/p>\n<p><strong>Sobre a AmstedMaxion<\/strong><\/p>\n<p>A AmstedMaxion \u00e9 hoje refer\u00eancia na fabrica\u00e7\u00e3o e no fornecimento de fundidos ferrovi\u00e1rios e industriais da Am\u00e9rica do Sul, atendendo aos mercados interno e externo, exportando para pa\u00edses da Am\u00e9rica do Sul, \u00c1frica e Estados Unidos.<\/p>\n<p>&nbsp;<\/p>\n<p>A empresa utiliza tecnologia de ponta para produzir pe\u00e7as de 10 quilos a seis toneladas, em a\u00e7o carbono e baixa-liga, atendendo setores de minera\u00e7\u00e3o, m\u00e1quinas e equipamentos para constru\u00e7\u00e3o civil, sucroalcooleiro e ferrovi\u00e1rio.<\/p>\n<p>&nbsp;<\/p>\n<p>Produz uma diversificada linha de fundidos ferrovi\u00e1rios e outros componentes, tais como: sistemas de choque e tra\u00e7\u00e3o, pontas de viga central fundida, espelhos, travessas, laterais e hastes de liga\u00e7\u00e3o. Outro destaque s\u00e3o as rodas ferrovi\u00e1rias fundidas, produzidas em a\u00e7o microligado e desenvolvidas com a exclusiva tecnologia Griffin, l\u00edder no mercado norte-americano, cumprindo todas as especifica\u00e7\u00f5es e normas estabelecidas pelas mais rigorosas ferrovias do mundo.<\/p>\n<p>&nbsp;<\/p>\n<p><strong>Servi\u00e7o:<\/strong><\/p>\n<p><strong>Exposi\u00e7\u00e3o &#8220;F\u00e1brica: hist\u00f3ria, mem\u00f3rias e vidas em Cruzeiro&#8221;<\/strong><\/p>\n<p><strong>Exposi\u00e7\u00e3o:<\/strong> at\u00e9 6 de dezembro, das 8h \u00e0s 17h<\/p>\n<p><strong>Local:<\/strong> Museu Major Novaes \u2013 Av. Jorge Tibiri\u00e7\u00e1, s\/n &#8211; Vila Canevari, Cruzeiro<\/p>\n<p>Gratuito<\/p>\n<p>&nbsp;<\/p>\n<p><strong>Fonte: <\/strong>Assessoria de Imprensa AmstedMaxion<\/p>\n","protected":false},"excerpt":{"rendered":"<p>A exposi\u00e7\u00e3o &#8220;F\u00e1brica: hist\u00f3ria, mem\u00f3rias e vidas em Cruzeiro&#8221;, que apresenta imagens fotogr\u00e1ficas que contam a hist\u00f3ria da primeira f\u00e1brica de vag\u00f5es do Brasil, foi prorrogada at\u00e9 o dia 6 de dezembro, no Museu Major Novaes, em Cruzeiro\/SP. Al\u00e9m das imagens fotogr\u00e1ficas, os visitantes poder\u00e3o ver algumas das pe\u00e7as produzidas na fundi\u00e7\u00e3o da empresa, que [&hellip;]<\/p>\n","protected":false},"author":5,"featured_media":9318,"comment_status":"open","ping_status":"open","sticky":false,"template":"","format":"standard","meta":{"_acf_changed":false,"footnotes":""},"categories":[2],"tags":[],"class_list":["post-9317","post","type-post","status-publish","format-standard","has-post-thumbnail","hentry","category-noticias"],"acf":[],"yoast_head":"<!-- This site is optimized with the Yoast SEO plugin v23.9 - https:\/\/yoast.com\/wordpress\/plugins\/seo\/ -->\n<title>Exposi\u00e7\u00e3o sobre a F\u00e1brica Nacional de Vag\u00f5es \u00e9 prorrogada at\u00e9 21 de novembro - AmstedMaxion<\/title>\n<meta name=\"robots\" content=\"index, follow, max-snippet:-1, max-image-preview:large, max-video-preview:-1\" \/>\n<link rel=\"canonical\" href=\"https:\/\/www.amstedmaxion.com.br\/exposicao-sobre-a-fabrica-nacional-de-vagoes-e-prorrogada-ate-6-de-dezembro\/\" \/>\n<meta property=\"og:locale\" content=\"en_US\" \/>\n<meta property=\"og:type\" content=\"article\" \/>\n<meta property=\"og:title\" content=\"Exposi\u00e7\u00e3o sobre a F\u00e1brica Nacional de Vag\u00f5es \u00e9 prorrogada at\u00e9 21 de novembro - AmstedMaxion\" \/>\n<meta property=\"og:description\" content=\"A exposi\u00e7\u00e3o &#8220;F\u00e1brica: hist\u00f3ria, mem\u00f3rias e vidas em Cruzeiro&#8221;, que apresenta imagens fotogr\u00e1ficas que contam a hist\u00f3ria da primeira f\u00e1brica de vag\u00f5es do Brasil, foi prorrogada at\u00e9 o dia 6 de dezembro, no Museu Major Novaes, em Cruzeiro\/SP. Al\u00e9m das imagens fotogr\u00e1ficas, os visitantes poder\u00e3o ver algumas das pe\u00e7as produzidas na fundi\u00e7\u00e3o da empresa, que [&hellip;]\" \/>\n<meta property=\"og:url\" content=\"https:\/\/www.amstedmaxion.com.br\/exposicao-sobre-a-fabrica-nacional-de-vagoes-e-prorrogada-ate-6-de-dezembro\/\" \/>\n<meta property=\"og:site_name\" content=\"AmstedMaxion\" \/>\n<meta property=\"article:publisher\" content=\"https:\/\/www.facebook.com\/AmstedMaxion.Oficial\" \/>\n<meta property=\"article:published_time\" content=\"2019-11-05T18:28:38+00:00\" \/>\n<meta property=\"article:modified_time\" content=\"2019-11-07T18:55:06+00:00\" \/>\n<meta property=\"og:image\" content=\"https:\/\/www.amstedmaxion.com.br\/wp-content\/uploads\/2019\/11\/expo2-1024x656.jpg\" \/>\n\t<meta property=\"og:image:width\" content=\"1024\" \/>\n\t<meta property=\"og:image:height\" content=\"656\" \/>\n\t<meta property=\"og:image:type\" content=\"image\/jpeg\" \/>\n<meta name=\"author\" content=\"Rosane Storto\" \/>\n<meta name=\"twitter:card\" content=\"summary_large_image\" \/>\n<meta name=\"twitter:label1\" content=\"Written by\" \/>\n\t<meta name=\"twitter:data1\" content=\"Rosane Storto\" \/>\n\t<meta name=\"twitter:label2\" content=\"Est. reading time\" \/>\n\t<meta name=\"twitter:data2\" content=\"2 minutes\" \/>\n<script type=\"application\/ld+json\" class=\"yoast-schema-graph\">{\"@context\":\"https:\/\/schema.org\",\"@graph\":[{\"@type\":\"Article\",\"@id\":\"https:\/\/www.amstedmaxion.com.br\/exposicao-sobre-a-fabrica-nacional-de-vagoes-e-prorrogada-ate-6-de-dezembro\/#article\",\"isPartOf\":{\"@id\":\"https:\/\/www.amstedmaxion.com.br\/exposicao-sobre-a-fabrica-nacional-de-vagoes-e-prorrogada-ate-6-de-dezembro\/\"},\"author\":{\"name\":\"Rosane Storto\",\"@id\":\"https:\/\/www.amstedmaxion.com.br\/#\/schema\/person\/140cb65f07d4e66dd5543c8a187bf436\"},\"headline\":\"Exposi\u00e7\u00e3o sobre a F\u00e1brica Nacional de Vag\u00f5es \u00e9 prorrogada at\u00e9 21 de novembro\",\"datePublished\":\"2019-11-05T18:28:38+00:00\",\"dateModified\":\"2019-11-07T18:55:06+00:00\",\"mainEntityOfPage\":{\"@id\":\"https:\/\/www.amstedmaxion.com.br\/exposicao-sobre-a-fabrica-nacional-de-vagoes-e-prorrogada-ate-6-de-dezembro\/\"},\"wordCount\":421,\"commentCount\":0,\"publisher\":{\"@id\":\"https:\/\/www.amstedmaxion.com.br\/#organization\"},\"image\":{\"@id\":\"https:\/\/www.amstedmaxion.com.br\/exposicao-sobre-a-fabrica-nacional-de-vagoes-e-prorrogada-ate-6-de-dezembro\/#primaryimage\"},\"thumbnailUrl\":\"https:\/\/www.amstedmaxion.com.br\/wp-content\/uploads\/2019\/11\/expo2.jpg\",\"articleSection\":[\"Not\u00edcias da AmstedMaxion\"],\"inLanguage\":\"en-US\",\"potentialAction\":[{\"@type\":\"CommentAction\",\"name\":\"Comment\",\"target\":[\"https:\/\/www.amstedmaxion.com.br\/exposicao-sobre-a-fabrica-nacional-de-vagoes-e-prorrogada-ate-6-de-dezembro\/#respond\"]}]},{\"@type\":\"WebPage\",\"@id\":\"https:\/\/www.amstedmaxion.com.br\/exposicao-sobre-a-fabrica-nacional-de-vagoes-e-prorrogada-ate-6-de-dezembro\/\",\"url\":\"https:\/\/www.amstedmaxion.com.br\/exposicao-sobre-a-fabrica-nacional-de-vagoes-e-prorrogada-ate-6-de-dezembro\/\",\"name\":\"Exposi\u00e7\u00e3o sobre a F\u00e1brica Nacional de Vag\u00f5es \u00e9 prorrogada at\u00e9 21 de novembro - AmstedMaxion\",\"isPartOf\":{\"@id\":\"https:\/\/www.amstedmaxion.com.br\/#website\"},\"primaryImageOfPage\":{\"@id\":\"https:\/\/www.amstedmaxion.com.br\/exposicao-sobre-a-fabrica-nacional-de-vagoes-e-prorrogada-ate-6-de-dezembro\/#primaryimage\"},\"image\":{\"@id\":\"https:\/\/www.amstedmaxion.com.br\/exposicao-sobre-a-fabrica-nacional-de-vagoes-e-prorrogada-ate-6-de-dezembro\/#primaryimage\"},\"thumbnailUrl\":\"https:\/\/www.amstedmaxion.com.br\/wp-content\/uploads\/2019\/11\/expo2.jpg\",\"datePublished\":\"2019-11-05T18:28:38+00:00\",\"dateModified\":\"2019-11-07T18:55:06+00:00\",\"breadcrumb\":{\"@id\":\"https:\/\/www.amstedmaxion.com.br\/exposicao-sobre-a-fabrica-nacional-de-vagoes-e-prorrogada-ate-6-de-dezembro\/#breadcrumb\"},\"inLanguage\":\"en-US\",\"potentialAction\":[{\"@type\":\"ReadAction\",\"target\":[\"https:\/\/www.amstedmaxion.com.br\/exposicao-sobre-a-fabrica-nacional-de-vagoes-e-prorrogada-ate-6-de-dezembro\/\"]}]},{\"@type\":\"ImageObject\",\"inLanguage\":\"en-US\",\"@id\":\"https:\/\/www.amstedmaxion.com.br\/exposicao-sobre-a-fabrica-nacional-de-vagoes-e-prorrogada-ate-6-de-dezembro\/#primaryimage\",\"url\":\"https:\/\/www.amstedmaxion.com.br\/wp-content\/uploads\/2019\/11\/expo2.jpg\",\"contentUrl\":\"https:\/\/www.amstedmaxion.com.br\/wp-content\/uploads\/2019\/11\/expo2.jpg\",\"width\":4149,\"height\":2658},{\"@type\":\"BreadcrumbList\",\"@id\":\"https:\/\/www.amstedmaxion.com.br\/exposicao-sobre-a-fabrica-nacional-de-vagoes-e-prorrogada-ate-6-de-dezembro\/#breadcrumb\",\"itemListElement\":[{\"@type\":\"ListItem\",\"position\":1,\"name\":\"In\u00edcio\",\"item\":\"https:\/\/www.amstedmaxion.com.br\/\"},{\"@type\":\"ListItem\",\"position\":2,\"name\":\"Exposi\u00e7\u00e3o sobre a F\u00e1brica Nacional de Vag\u00f5es \u00e9 prorrogada at\u00e9 21 de novembro\"}]},{\"@type\":\"WebSite\",\"@id\":\"https:\/\/www.amstedmaxion.com.br\/#website\",\"url\":\"https:\/\/www.amstedmaxion.com.br\/\",\"name\":\"AmstedMaxion\",\"description\":\"AmstedMaxion - Fundi\u00e7\u00e3o e Equipamentos Ferrovi\u00e1rios\",\"publisher\":{\"@id\":\"https:\/\/www.amstedmaxion.com.br\/#organization\"},\"alternateName\":\"AmstedMaxion\",\"potentialAction\":[{\"@type\":\"SearchAction\",\"target\":{\"@type\":\"EntryPoint\",\"urlTemplate\":\"https:\/\/www.amstedmaxion.com.br\/?s={search_term_string}\"},\"query-input\":{\"@type\":\"PropertyValueSpecification\",\"valueRequired\":true,\"valueName\":\"search_term_string\"}}],\"inLanguage\":\"en-US\"},{\"@type\":\"Organization\",\"@id\":\"https:\/\/www.amstedmaxion.com.br\/#organization\",\"name\":\"AMSTEDMAXION\",\"url\":\"https:\/\/www.amstedmaxion.com.br\/\",\"logo\":{\"@type\":\"ImageObject\",\"inLanguage\":\"en-US\",\"@id\":\"https:\/\/www.amstedmaxion.com.br\/#\/schema\/logo\/image\/\",\"url\":\"https:\/\/www.amstedmaxion.com.br\/wp-content\/uploads\/2023\/11\/amsted.png\",\"contentUrl\":\"https:\/\/www.amstedmaxion.com.br\/wp-content\/uploads\/2023\/11\/amsted.png\",\"width\":500,\"height\":500,\"caption\":\"AMSTEDMAXION\"},\"image\":{\"@id\":\"https:\/\/www.amstedmaxion.com.br\/#\/schema\/logo\/image\/\"},\"sameAs\":[\"https:\/\/www.facebook.com\/AmstedMaxion.Oficial\",\"https:\/\/br.linkedin.com\/company\/amstedmaxion\"]},{\"@type\":\"Person\",\"@id\":\"https:\/\/www.amstedmaxion.com.br\/#\/schema\/person\/140cb65f07d4e66dd5543c8a187bf436\",\"name\":\"Rosane Storto\",\"image\":{\"@type\":\"ImageObject\",\"inLanguage\":\"en-US\",\"@id\":\"https:\/\/www.amstedmaxion.com.br\/#\/schema\/person\/image\/\",\"url\":\"https:\/\/secure.gravatar.com\/avatar\/0e3d021545bbe593cb0eb3ee740544fefa86d59762e63dec1dbe9480a34c98cd?s=96&d=mm&r=g\",\"contentUrl\":\"https:\/\/secure.gravatar.com\/avatar\/0e3d021545bbe593cb0eb3ee740544fefa86d59762e63dec1dbe9480a34c98cd?s=96&d=mm&r=g\",\"caption\":\"Rosane Storto\"}}]}<\/script>\n<!-- \/ Yoast SEO plugin. -->","yoast_head_json":{"title":"Exposi\u00e7\u00e3o sobre a F\u00e1brica Nacional de Vag\u00f5es \u00e9 prorrogada at\u00e9 21 de novembro - AmstedMaxion","robots":{"index":"index","follow":"follow","max-snippet":"max-snippet:-1","max-image-preview":"max-image-preview:large","max-video-preview":"max-video-preview:-1"},"canonical":"https:\/\/www.amstedmaxion.com.br\/exposicao-sobre-a-fabrica-nacional-de-vagoes-e-prorrogada-ate-6-de-dezembro\/","og_locale":"en_US","og_type":"article","og_title":"Exposi\u00e7\u00e3o sobre a F\u00e1brica Nacional de Vag\u00f5es \u00e9 prorrogada at\u00e9 21 de novembro - AmstedMaxion","og_description":"A exposi\u00e7\u00e3o &#8220;F\u00e1brica: hist\u00f3ria, mem\u00f3rias e vidas em Cruzeiro&#8221;, que apresenta imagens fotogr\u00e1ficas que contam a hist\u00f3ria da primeira f\u00e1brica de vag\u00f5es do Brasil, foi prorrogada at\u00e9 o dia 6 de dezembro, no Museu Major Novaes, em Cruzeiro\/SP. Al\u00e9m das imagens fotogr\u00e1ficas, os visitantes poder\u00e3o ver algumas das pe\u00e7as produzidas na fundi\u00e7\u00e3o da empresa, que [&hellip;]","og_url":"https:\/\/www.amstedmaxion.com.br\/exposicao-sobre-a-fabrica-nacional-de-vagoes-e-prorrogada-ate-6-de-dezembro\/","og_site_name":"AmstedMaxion","article_publisher":"https:\/\/www.facebook.com\/AmstedMaxion.Oficial","article_published_time":"2019-11-05T18:28:38+00:00","article_modified_time":"2019-11-07T18:55:06+00:00","og_image":[{"width":1024,"height":656,"url":"https:\/\/www.amstedmaxion.com.br\/wp-content\/uploads\/2019\/11\/expo2-1024x656.jpg","type":"image\/jpeg"}],"author":"Rosane Storto","twitter_card":"summary_large_image","twitter_misc":{"Written by":"Rosane Storto","Est. reading time":"2 minutes"},"schema":{"@context":"https:\/\/schema.org","@graph":[{"@type":"Article","@id":"https:\/\/www.amstedmaxion.com.br\/exposicao-sobre-a-fabrica-nacional-de-vagoes-e-prorrogada-ate-6-de-dezembro\/#article","isPartOf":{"@id":"https:\/\/www.amstedmaxion.com.br\/exposicao-sobre-a-fabrica-nacional-de-vagoes-e-prorrogada-ate-6-de-dezembro\/"},"author":{"name":"Rosane Storto","@id":"https:\/\/www.amstedmaxion.com.br\/#\/schema\/person\/140cb65f07d4e66dd5543c8a187bf436"},"headline":"Exposi\u00e7\u00e3o sobre a F\u00e1brica Nacional de Vag\u00f5es \u00e9 prorrogada at\u00e9 21 de novembro","datePublished":"2019-11-05T18:28:38+00:00","dateModified":"2019-11-07T18:55:06+00:00","mainEntityOfPage":{"@id":"https:\/\/www.amstedmaxion.com.br\/exposicao-sobre-a-fabrica-nacional-de-vagoes-e-prorrogada-ate-6-de-dezembro\/"},"wordCount":421,"commentCount":0,"publisher":{"@id":"https:\/\/www.amstedmaxion.com.br\/#organization"},"image":{"@id":"https:\/\/www.amstedmaxion.com.br\/exposicao-sobre-a-fabrica-nacional-de-vagoes-e-prorrogada-ate-6-de-dezembro\/#primaryimage"},"thumbnailUrl":"https:\/\/www.amstedmaxion.com.br\/wp-content\/uploads\/2019\/11\/expo2.jpg","articleSection":["Not\u00edcias da AmstedMaxion"],"inLanguage":"en-US","potentialAction":[{"@type":"CommentAction","name":"Comment","target":["https:\/\/www.amstedmaxion.com.br\/exposicao-sobre-a-fabrica-nacional-de-vagoes-e-prorrogada-ate-6-de-dezembro\/#respond"]}]},{"@type":"WebPage","@id":"https:\/\/www.amstedmaxion.com.br\/exposicao-sobre-a-fabrica-nacional-de-vagoes-e-prorrogada-ate-6-de-dezembro\/","url":"https:\/\/www.amstedmaxion.com.br\/exposicao-sobre-a-fabrica-nacional-de-vagoes-e-prorrogada-ate-6-de-dezembro\/","name":"Exposi\u00e7\u00e3o sobre a F\u00e1brica Nacional de Vag\u00f5es \u00e9 prorrogada at\u00e9 21 de novembro - AmstedMaxion","isPartOf":{"@id":"https:\/\/www.amstedmaxion.com.br\/#website"},"primaryImageOfPage":{"@id":"https:\/\/www.amstedmaxion.com.br\/exposicao-sobre-a-fabrica-nacional-de-vagoes-e-prorrogada-ate-6-de-dezembro\/#primaryimage"},"image":{"@id":"https:\/\/www.amstedmaxion.com.br\/exposicao-sobre-a-fabrica-nacional-de-vagoes-e-prorrogada-ate-6-de-dezembro\/#primaryimage"},"thumbnailUrl":"https:\/\/www.amstedmaxion.com.br\/wp-content\/uploads\/2019\/11\/expo2.jpg","datePublished":"2019-11-05T18:28:38+00:00","dateModified":"2019-11-07T18:55:06+00:00","breadcrumb":{"@id":"https:\/\/www.amstedmaxion.com.br\/exposicao-sobre-a-fabrica-nacional-de-vagoes-e-prorrogada-ate-6-de-dezembro\/#breadcrumb"},"inLanguage":"en-US","potentialAction":[{"@type":"ReadAction","target":["https:\/\/www.amstedmaxion.com.br\/exposicao-sobre-a-fabrica-nacional-de-vagoes-e-prorrogada-ate-6-de-dezembro\/"]}]},{"@type":"ImageObject","inLanguage":"en-US","@id":"https:\/\/www.amstedmaxion.com.br\/exposicao-sobre-a-fabrica-nacional-de-vagoes-e-prorrogada-ate-6-de-dezembro\/#primaryimage","url":"https:\/\/www.amstedmaxion.com.br\/wp-content\/uploads\/2019\/11\/expo2.jpg","contentUrl":"https:\/\/www.amstedmaxion.com.br\/wp-content\/uploads\/2019\/11\/expo2.jpg","width":4149,"height":2658},{"@type":"BreadcrumbList","@id":"https:\/\/www.amstedmaxion.com.br\/exposicao-sobre-a-fabrica-nacional-de-vagoes-e-prorrogada-ate-6-de-dezembro\/#breadcrumb","itemListElement":[{"@type":"ListItem","position":1,"name":"In\u00edcio","item":"https:\/\/www.amstedmaxion.com.br\/"},{"@type":"ListItem","position":2,"name":"Exposi\u00e7\u00e3o sobre a F\u00e1brica Nacional de Vag\u00f5es \u00e9 prorrogada at\u00e9 21 de novembro"}]},{"@type":"WebSite","@id":"https:\/\/www.amstedmaxion.com.br\/#website","url":"https:\/\/www.amstedmaxion.com.br\/","name":"AmstedMaxion","description":"AmstedMaxion - Fundi\u00e7\u00e3o e Equipamentos Ferrovi\u00e1rios","publisher":{"@id":"https:\/\/www.amstedmaxion.com.br\/#organization"},"alternateName":"AmstedMaxion","potentialAction":[{"@type":"SearchAction","target":{"@type":"EntryPoint","urlTemplate":"https:\/\/www.amstedmaxion.com.br\/?s={search_term_string}"},"query-input":{"@type":"PropertyValueSpecification","valueRequired":true,"valueName":"search_term_string"}}],"inLanguage":"en-US"},{"@type":"Organization","@id":"https:\/\/www.amstedmaxion.com.br\/#organization","name":"AMSTEDMAXION","url":"https:\/\/www.amstedmaxion.com.br\/","logo":{"@type":"ImageObject","inLanguage":"en-US","@id":"https:\/\/www.amstedmaxion.com.br\/#\/schema\/logo\/image\/","url":"https:\/\/www.amstedmaxion.com.br\/wp-content\/uploads\/2023\/11\/amsted.png","contentUrl":"https:\/\/www.amstedmaxion.com.br\/wp-content\/uploads\/2023\/11\/amsted.png","width":500,"height":500,"caption":"AMSTEDMAXION"},"image":{"@id":"https:\/\/www.amstedmaxion.com.br\/#\/schema\/logo\/image\/"},"sameAs":["https:\/\/www.facebook.com\/AmstedMaxion.Oficial","https:\/\/br.linkedin.com\/company\/amstedmaxion"]},{"@type":"Person","@id":"https:\/\/www.amstedmaxion.com.br\/#\/schema\/person\/140cb65f07d4e66dd5543c8a187bf436","name":"Rosane Storto","image":{"@type":"ImageObject","inLanguage":"en-US","@id":"https:\/\/www.amstedmaxion.com.br\/#\/schema\/person\/image\/","url":"https:\/\/secure.gravatar.com\/avatar\/0e3d021545bbe593cb0eb3ee740544fefa86d59762e63dec1dbe9480a34c98cd?s=96&d=mm&r=g","contentUrl":"https:\/\/secure.gravatar.com\/avatar\/0e3d021545bbe593cb0eb3ee740544fefa86d59762e63dec1dbe9480a34c98cd?s=96&d=mm&r=g","caption":"Rosane Storto"}}]}},"_links":{"self":[{"href":"https:\/\/www.amstedmaxion.com.br\/en\/wp-json\/wp\/v2\/posts\/9317","targetHints":{"allow":["GET"]}}],"collection":[{"href":"https:\/\/www.amstedmaxion.com.br\/en\/wp-json\/wp\/v2\/posts"}],"about":[{"href":"https:\/\/www.amstedmaxion.com.br\/en\/wp-json\/wp\/v2\/types\/post"}],"author":[{"embeddable":true,"href":"https:\/\/www.amstedmaxion.com.br\/en\/wp-json\/wp\/v2\/users\/5"}],"replies":[{"embeddable":true,"href":"https:\/\/www.amstedmaxion.com.br\/en\/wp-json\/wp\/v2\/comments?post=9317"}],"version-history":[{"count":2,"href":"https:\/\/www.amstedmaxion.com.br\/en\/wp-json\/wp\/v2\/posts\/9317\/revisions"}],"predecessor-version":[{"id":9359,"href":"https:\/\/www.amstedmaxion.com.br\/en\/wp-json\/wp\/v2\/posts\/9317\/revisions\/9359"}],"wp:featuredmedia":[{"embeddable":true,"href":"https:\/\/www.amstedmaxion.com.br\/en\/wp-json\/wp\/v2\/media\/9318"}],"wp:attachment":[{"href":"https:\/\/www.amstedmaxion.com.br\/en\/wp-json\/wp\/v2\/media?parent=9317"}],"wp:term":[{"taxonomy":"category","embeddable":true,"href":"https:\/\/www.amstedmaxion.com.br\/en\/wp-json\/wp\/v2\/categories?post=9317"},{"taxonomy":"post_tag","embeddable":true,"href":"https:\/\/www.amstedmaxion.com.br\/en\/wp-json\/wp\/v2\/tags?post=9317"}],"curies":[{"name":"wp","href":"https:\/\/api.w.org\/{rel}","templated":true}]}}