{"id":9472,"date":"2019-11-14T15:10:42","date_gmt":"2019-11-14T18:10:42","guid":{"rendered":"http:\/\/www.amstedmaxion.com.br\/?p=9472"},"modified":"2019-11-14T15:10:42","modified_gmt":"2019-11-14T18:10:42","slug":"ferrovia-norte-sul-comeca-a-operar-ate-inicio-de-2022-diz-rumo","status":"publish","type":"post","link":"https:\/\/www.amstedmaxion.com.br\/en\/ferrovia-norte-sul-comeca-a-operar-ate-inicio-de-2022-diz-rumo\/","title":{"rendered":"Ferrovia Norte-Sul come\u00e7a a operar at\u00e9 in\u00edcio de 2022, diz Rumo"},"content":{"rendered":"<p>A opera\u00e7\u00e3o da Malha Central (como foi nomeada a concess\u00e3o da Ferrovia Norte-Sul) ter\u00e1 in\u00edcio em dois anos, segundo Ricardo Lewin, diretor de rela\u00e7\u00f5es com investidores da Rumo. A empresa, do grupo Cosan, arrematou o trecho entre Porto Nacional (TO) e Estrela D\u00b4Oeste (SP) em mar\u00e7o deste ano. A primeira [etapa da] opera\u00e7\u00e3o se iniciar\u00e1 at\u00e9 final de 2021 ou in\u00edcio de 2022, disse ele, em teleconfer\u00eancia com analistas sobre os resultados do terceiro trimestre, nesta ter\u00e7a-feira (12).<\/p>\n<p>&nbsp;<\/p>\n<p>Por enquanto, os investimentos no neg\u00f3cio t\u00eam sido alocados em estudos e dilig\u00eancias. O investimento destinado \u00e0 amplia\u00e7\u00e3o da via come\u00e7ar\u00e1 a ser aplicado a partir do m\u00eas que vem, disse o executivo.<\/p>\n<p>&nbsp;<\/p>\n<p>Ele n\u00e3o quis especificar um valor para esse desembolso, mas afirmou que as proje\u00e7\u00f5es para 2019 j\u00e1 incluem os recursos destinados \u00e0 Malha Central, e n\u00e3o dever\u00e3o ser alterados.<\/p>\n<p>&nbsp;<\/p>\n<p>Na segunda (11), a empresa divulgou uma perspectiva de investimento entre R$ 2 bilh\u00f5es e R$ 2,2 bilh\u00f5es. A companhia informou que j\u00e1 deu in\u00edcio \u00e0s negocia\u00e7\u00f5es dos contratos de fornecimento na via. \u00c9 um mercado muito grande que pode ser transportado por meio de cont\u00eaineres. Nossos \u00faltimos estudos foram muito positivos, disse Lewin.<\/p>\n<p>&nbsp;<\/p>\n<p>Fonte: Valor Econ\u00f4mico<\/p>\n","protected":false},"excerpt":{"rendered":"<p>A opera\u00e7\u00e3o da Malha Central (como foi nomeada a concess\u00e3o da Ferrovia Norte-Sul) ter\u00e1 in\u00edcio em dois anos, segundo Ricardo Lewin, diretor de rela\u00e7\u00f5es com investidores da Rumo. A empresa, do grupo Cosan, arrematou o trecho entre Porto Nacional (TO) e Estrela D\u00b4Oeste (SP) em mar\u00e7o deste ano. A primeira [etapa da] opera\u00e7\u00e3o se iniciar\u00e1 [&hellip;]<\/p>\n","protected":false},"author":5,"featured_media":4400,"comment_status":"open","ping_status":"open","sticky":false,"template":"","format":"standard","meta":{"_acf_changed":false,"footnotes":""},"categories":[2],"tags":[],"class_list":["post-9472","post","type-post","status-publish","format-standard","has-post-thumbnail","hentry","category-noticias"],"acf":[],"yoast_head":"<!-- This site is optimized with the Yoast SEO plugin v23.9 - https:\/\/yoast.com\/wordpress\/plugins\/seo\/ -->\n<title>Ferrovia Norte-Sul come\u00e7a a operar at\u00e9 in\u00edcio de 2022, diz Rumo - AmstedMaxion<\/title>\n<meta name=\"robots\" content=\"index, follow, max-snippet:-1, max-image-preview:large, max-video-preview:-1\" \/>\n<link rel=\"canonical\" href=\"https:\/\/www.amstedmaxion.com.br\/en\/ferrovia-norte-sul-comeca-a-operar-ate-inicio-de-2022-diz-rumo\/\" \/>\n<meta property=\"og:locale\" content=\"en_US\" \/>\n<meta property=\"og:type\" content=\"article\" \/>\n<meta property=\"og:title\" content=\"Ferrovia Norte-Sul come\u00e7a a operar at\u00e9 in\u00edcio de 2022, diz Rumo - AmstedMaxion\" \/>\n<meta property=\"og:description\" content=\"A opera\u00e7\u00e3o da Malha Central (como foi nomeada a concess\u00e3o da Ferrovia Norte-Sul) ter\u00e1 in\u00edcio em dois anos, segundo Ricardo Lewin, diretor de rela\u00e7\u00f5es com investidores da Rumo. A empresa, do grupo Cosan, arrematou o trecho entre Porto Nacional (TO) e Estrela D\u00b4Oeste (SP) em mar\u00e7o deste ano. A primeira [etapa da] opera\u00e7\u00e3o se iniciar\u00e1 [&hellip;]\" \/>\n<meta property=\"og:url\" content=\"https:\/\/www.amstedmaxion.com.br\/en\/ferrovia-norte-sul-comeca-a-operar-ate-inicio-de-2022-diz-rumo\/\" \/>\n<meta property=\"og:site_name\" content=\"AmstedMaxion\" \/>\n<meta property=\"article:publisher\" content=\"https:\/\/www.facebook.com\/AmstedMaxion.Oficial\" \/>\n<meta property=\"article:published_time\" content=\"2019-11-14T18:10:42+00:00\" \/>\n<meta property=\"og:image\" content=\"https:\/\/www.amstedmaxion.com.br\/wp-content\/uploads\/2018\/06\/10603228_1018663054867342_1982615849620828108_n.jpg\" \/>\n\t<meta property=\"og:image:width\" content=\"480\" \/>\n\t<meta property=\"og:image:height\" content=\"270\" \/>\n\t<meta property=\"og:image:type\" content=\"image\/jpeg\" \/>\n<meta name=\"author\" content=\"Rosane Storto\" \/>\n<meta name=\"twitter:card\" content=\"summary_large_image\" \/>\n<meta name=\"twitter:label1\" content=\"Written by\" \/>\n\t<meta name=\"twitter:data1\" content=\"Rosane Storto\" \/>\n\t<meta name=\"twitter:label2\" content=\"Est. reading time\" \/>\n\t<meta name=\"twitter:data2\" content=\"1 minute\" \/>\n<script type=\"application\/ld+json\" class=\"yoast-schema-graph\">{\"@context\":\"https:\/\/schema.org\",\"@graph\":[{\"@type\":\"Article\",\"@id\":\"https:\/\/www.amstedmaxion.com.br\/en\/ferrovia-norte-sul-comeca-a-operar-ate-inicio-de-2022-diz-rumo\/#article\",\"isPartOf\":{\"@id\":\"https:\/\/www.amstedmaxion.com.br\/en\/ferrovia-norte-sul-comeca-a-operar-ate-inicio-de-2022-diz-rumo\/\"},\"author\":{\"name\":\"Rosane Storto\",\"@id\":\"https:\/\/www.amstedmaxion.com.br\/#\/schema\/person\/140cb65f07d4e66dd5543c8a187bf436\"},\"headline\":\"Ferrovia Norte-Sul come\u00e7a a operar at\u00e9 in\u00edcio de 2022, diz Rumo\",\"datePublished\":\"2019-11-14T18:10:42+00:00\",\"dateModified\":\"2019-11-14T18:10:42+00:00\",\"mainEntityOfPage\":{\"@id\":\"https:\/\/www.amstedmaxion.com.br\/en\/ferrovia-norte-sul-comeca-a-operar-ate-inicio-de-2022-diz-rumo\/\"},\"wordCount\":229,\"commentCount\":0,\"publisher\":{\"@id\":\"https:\/\/www.amstedmaxion.com.br\/#organization\"},\"image\":{\"@id\":\"https:\/\/www.amstedmaxion.com.br\/en\/ferrovia-norte-sul-comeca-a-operar-ate-inicio-de-2022-diz-rumo\/#primaryimage\"},\"thumbnailUrl\":\"https:\/\/www.amstedmaxion.com.br\/wp-content\/uploads\/2018\/06\/10603228_1018663054867342_1982615849620828108_n.jpg\",\"articleSection\":[\"Not\u00edcias da AmstedMaxion\"],\"inLanguage\":\"en-US\",\"potentialAction\":[{\"@type\":\"CommentAction\",\"name\":\"Comment\",\"target\":[\"https:\/\/www.amstedmaxion.com.br\/en\/ferrovia-norte-sul-comeca-a-operar-ate-inicio-de-2022-diz-rumo\/#respond\"]}]},{\"@type\":\"WebPage\",\"@id\":\"https:\/\/www.amstedmaxion.com.br\/en\/ferrovia-norte-sul-comeca-a-operar-ate-inicio-de-2022-diz-rumo\/\",\"url\":\"https:\/\/www.amstedmaxion.com.br\/en\/ferrovia-norte-sul-comeca-a-operar-ate-inicio-de-2022-diz-rumo\/\",\"name\":\"Ferrovia Norte-Sul come\u00e7a a operar at\u00e9 in\u00edcio de 2022, diz Rumo - AmstedMaxion\",\"isPartOf\":{\"@id\":\"https:\/\/www.amstedmaxion.com.br\/#website\"},\"primaryImageOfPage\":{\"@id\":\"https:\/\/www.amstedmaxion.com.br\/en\/ferrovia-norte-sul-comeca-a-operar-ate-inicio-de-2022-diz-rumo\/#primaryimage\"},\"image\":{\"@id\":\"https:\/\/www.amstedmaxion.com.br\/en\/ferrovia-norte-sul-comeca-a-operar-ate-inicio-de-2022-diz-rumo\/#primaryimage\"},\"thumbnailUrl\":\"https:\/\/www.amstedmaxion.com.br\/wp-content\/uploads\/2018\/06\/10603228_1018663054867342_1982615849620828108_n.jpg\",\"datePublished\":\"2019-11-14T18:10:42+00:00\",\"dateModified\":\"2019-11-14T18:10:42+00:00\",\"breadcrumb\":{\"@id\":\"https:\/\/www.amstedmaxion.com.br\/en\/ferrovia-norte-sul-comeca-a-operar-ate-inicio-de-2022-diz-rumo\/#breadcrumb\"},\"inLanguage\":\"en-US\",\"potentialAction\":[{\"@type\":\"ReadAction\",\"target\":[\"https:\/\/www.amstedmaxion.com.br\/en\/ferrovia-norte-sul-comeca-a-operar-ate-inicio-de-2022-diz-rumo\/\"]}]},{\"@type\":\"ImageObject\",\"inLanguage\":\"en-US\",\"@id\":\"https:\/\/www.amstedmaxion.com.br\/en\/ferrovia-norte-sul-comeca-a-operar-ate-inicio-de-2022-diz-rumo\/#primaryimage\",\"url\":\"https:\/\/www.amstedmaxion.com.br\/wp-content\/uploads\/2018\/06\/10603228_1018663054867342_1982615849620828108_n.jpg\",\"contentUrl\":\"https:\/\/www.amstedmaxion.com.br\/wp-content\/uploads\/2018\/06\/10603228_1018663054867342_1982615849620828108_n.jpg\",\"width\":480,\"height\":270},{\"@type\":\"BreadcrumbList\",\"@id\":\"https:\/\/www.amstedmaxion.com.br\/en\/ferrovia-norte-sul-comeca-a-operar-ate-inicio-de-2022-diz-rumo\/#breadcrumb\",\"itemListElement\":[{\"@type\":\"ListItem\",\"position\":1,\"name\":\"In\u00edcio\",\"item\":\"https:\/\/www.amstedmaxion.com.br\/\"},{\"@type\":\"ListItem\",\"position\":2,\"name\":\"Ferrovia Norte-Sul come\u00e7a a operar at\u00e9 in\u00edcio de 2022, diz Rumo\"}]},{\"@type\":\"WebSite\",\"@id\":\"https:\/\/www.amstedmaxion.com.br\/#website\",\"url\":\"https:\/\/www.amstedmaxion.com.br\/\",\"name\":\"AmstedMaxion\",\"description\":\"AmstedMaxion - Fundi\u00e7\u00e3o e Equipamentos Ferrovi\u00e1rios\",\"publisher\":{\"@id\":\"https:\/\/www.amstedmaxion.com.br\/#organization\"},\"alternateName\":\"AmstedMaxion\",\"potentialAction\":[{\"@type\":\"SearchAction\",\"target\":{\"@type\":\"EntryPoint\",\"urlTemplate\":\"https:\/\/www.amstedmaxion.com.br\/?s={search_term_string}\"},\"query-input\":{\"@type\":\"PropertyValueSpecification\",\"valueRequired\":true,\"valueName\":\"search_term_string\"}}],\"inLanguage\":\"en-US\"},{\"@type\":\"Organization\",\"@id\":\"https:\/\/www.amstedmaxion.com.br\/#organization\",\"name\":\"AMSTEDMAXION\",\"url\":\"https:\/\/www.amstedmaxion.com.br\/\",\"logo\":{\"@type\":\"ImageObject\",\"inLanguage\":\"en-US\",\"@id\":\"https:\/\/www.amstedmaxion.com.br\/#\/schema\/logo\/image\/\",\"url\":\"https:\/\/www.amstedmaxion.com.br\/wp-content\/uploads\/2023\/11\/amsted.png\",\"contentUrl\":\"https:\/\/www.amstedmaxion.com.br\/wp-content\/uploads\/2023\/11\/amsted.png\",\"width\":500,\"height\":500,\"caption\":\"AMSTEDMAXION\"},\"image\":{\"@id\":\"https:\/\/www.amstedmaxion.com.br\/#\/schema\/logo\/image\/\"},\"sameAs\":[\"https:\/\/www.facebook.com\/AmstedMaxion.Oficial\",\"https:\/\/br.linkedin.com\/company\/amstedmaxion\"]},{\"@type\":\"Person\",\"@id\":\"https:\/\/www.amstedmaxion.com.br\/#\/schema\/person\/140cb65f07d4e66dd5543c8a187bf436\",\"name\":\"Rosane Storto\",\"image\":{\"@type\":\"ImageObject\",\"inLanguage\":\"en-US\",\"@id\":\"https:\/\/www.amstedmaxion.com.br\/#\/schema\/person\/image\/\",\"url\":\"https:\/\/secure.gravatar.com\/avatar\/0e3d021545bbe593cb0eb3ee740544fefa86d59762e63dec1dbe9480a34c98cd?s=96&d=mm&r=g\",\"contentUrl\":\"https:\/\/secure.gravatar.com\/avatar\/0e3d021545bbe593cb0eb3ee740544fefa86d59762e63dec1dbe9480a34c98cd?s=96&d=mm&r=g\",\"caption\":\"Rosane Storto\"}}]}<\/script>\n<!-- \/ Yoast SEO plugin. -->","yoast_head_json":{"title":"Ferrovia Norte-Sul come\u00e7a a operar at\u00e9 in\u00edcio de 2022, diz Rumo - AmstedMaxion","robots":{"index":"index","follow":"follow","max-snippet":"max-snippet:-1","max-image-preview":"max-image-preview:large","max-video-preview":"max-video-preview:-1"},"canonical":"https:\/\/www.amstedmaxion.com.br\/en\/ferrovia-norte-sul-comeca-a-operar-ate-inicio-de-2022-diz-rumo\/","og_locale":"en_US","og_type":"article","og_title":"Ferrovia Norte-Sul come\u00e7a a operar at\u00e9 in\u00edcio de 2022, diz Rumo - AmstedMaxion","og_description":"A opera\u00e7\u00e3o da Malha Central (como foi nomeada a concess\u00e3o da Ferrovia Norte-Sul) ter\u00e1 in\u00edcio em dois anos, segundo Ricardo Lewin, diretor de rela\u00e7\u00f5es com investidores da Rumo. A empresa, do grupo Cosan, arrematou o trecho entre Porto Nacional (TO) e Estrela D\u00b4Oeste (SP) em mar\u00e7o deste ano. A primeira [etapa da] opera\u00e7\u00e3o se iniciar\u00e1 [&hellip;]","og_url":"https:\/\/www.amstedmaxion.com.br\/en\/ferrovia-norte-sul-comeca-a-operar-ate-inicio-de-2022-diz-rumo\/","og_site_name":"AmstedMaxion","article_publisher":"https:\/\/www.facebook.com\/AmstedMaxion.Oficial","article_published_time":"2019-11-14T18:10:42+00:00","og_image":[{"width":480,"height":270,"url":"https:\/\/www.amstedmaxion.com.br\/wp-content\/uploads\/2018\/06\/10603228_1018663054867342_1982615849620828108_n.jpg","type":"image\/jpeg"}],"author":"Rosane Storto","twitter_card":"summary_large_image","twitter_misc":{"Written by":"Rosane Storto","Est. reading time":"1 minute"},"schema":{"@context":"https:\/\/schema.org","@graph":[{"@type":"Article","@id":"https:\/\/www.amstedmaxion.com.br\/en\/ferrovia-norte-sul-comeca-a-operar-ate-inicio-de-2022-diz-rumo\/#article","isPartOf":{"@id":"https:\/\/www.amstedmaxion.com.br\/en\/ferrovia-norte-sul-comeca-a-operar-ate-inicio-de-2022-diz-rumo\/"},"author":{"name":"Rosane Storto","@id":"https:\/\/www.amstedmaxion.com.br\/#\/schema\/person\/140cb65f07d4e66dd5543c8a187bf436"},"headline":"Ferrovia Norte-Sul come\u00e7a a operar at\u00e9 in\u00edcio de 2022, diz Rumo","datePublished":"2019-11-14T18:10:42+00:00","dateModified":"2019-11-14T18:10:42+00:00","mainEntityOfPage":{"@id":"https:\/\/www.amstedmaxion.com.br\/en\/ferrovia-norte-sul-comeca-a-operar-ate-inicio-de-2022-diz-rumo\/"},"wordCount":229,"commentCount":0,"publisher":{"@id":"https:\/\/www.amstedmaxion.com.br\/#organization"},"image":{"@id":"https:\/\/www.amstedmaxion.com.br\/en\/ferrovia-norte-sul-comeca-a-operar-ate-inicio-de-2022-diz-rumo\/#primaryimage"},"thumbnailUrl":"https:\/\/www.amstedmaxion.com.br\/wp-content\/uploads\/2018\/06\/10603228_1018663054867342_1982615849620828108_n.jpg","articleSection":["Not\u00edcias da AmstedMaxion"],"inLanguage":"en-US","potentialAction":[{"@type":"CommentAction","name":"Comment","target":["https:\/\/www.amstedmaxion.com.br\/en\/ferrovia-norte-sul-comeca-a-operar-ate-inicio-de-2022-diz-rumo\/#respond"]}]},{"@type":"WebPage","@id":"https:\/\/www.amstedmaxion.com.br\/en\/ferrovia-norte-sul-comeca-a-operar-ate-inicio-de-2022-diz-rumo\/","url":"https:\/\/www.amstedmaxion.com.br\/en\/ferrovia-norte-sul-comeca-a-operar-ate-inicio-de-2022-diz-rumo\/","name":"Ferrovia Norte-Sul come\u00e7a a operar at\u00e9 in\u00edcio de 2022, diz Rumo - AmstedMaxion","isPartOf":{"@id":"https:\/\/www.amstedmaxion.com.br\/#website"},"primaryImageOfPage":{"@id":"https:\/\/www.amstedmaxion.com.br\/en\/ferrovia-norte-sul-comeca-a-operar-ate-inicio-de-2022-diz-rumo\/#primaryimage"},"image":{"@id":"https:\/\/www.amstedmaxion.com.br\/en\/ferrovia-norte-sul-comeca-a-operar-ate-inicio-de-2022-diz-rumo\/#primaryimage"},"thumbnailUrl":"https:\/\/www.amstedmaxion.com.br\/wp-content\/uploads\/2018\/06\/10603228_1018663054867342_1982615849620828108_n.jpg","datePublished":"2019-11-14T18:10:42+00:00","dateModified":"2019-11-14T18:10:42+00:00","breadcrumb":{"@id":"https:\/\/www.amstedmaxion.com.br\/en\/ferrovia-norte-sul-comeca-a-operar-ate-inicio-de-2022-diz-rumo\/#breadcrumb"},"inLanguage":"en-US","potentialAction":[{"@type":"ReadAction","target":["https:\/\/www.amstedmaxion.com.br\/en\/ferrovia-norte-sul-comeca-a-operar-ate-inicio-de-2022-diz-rumo\/"]}]},{"@type":"ImageObject","inLanguage":"en-US","@id":"https:\/\/www.amstedmaxion.com.br\/en\/ferrovia-norte-sul-comeca-a-operar-ate-inicio-de-2022-diz-rumo\/#primaryimage","url":"https:\/\/www.amstedmaxion.com.br\/wp-content\/uploads\/2018\/06\/10603228_1018663054867342_1982615849620828108_n.jpg","contentUrl":"https:\/\/www.amstedmaxion.com.br\/wp-content\/uploads\/2018\/06\/10603228_1018663054867342_1982615849620828108_n.jpg","width":480,"height":270},{"@type":"BreadcrumbList","@id":"https:\/\/www.amstedmaxion.com.br\/en\/ferrovia-norte-sul-comeca-a-operar-ate-inicio-de-2022-diz-rumo\/#breadcrumb","itemListElement":[{"@type":"ListItem","position":1,"name":"In\u00edcio","item":"https:\/\/www.amstedmaxion.com.br\/"},{"@type":"ListItem","position":2,"name":"Ferrovia Norte-Sul come\u00e7a a operar at\u00e9 in\u00edcio de 2022, diz Rumo"}]},{"@type":"WebSite","@id":"https:\/\/www.amstedmaxion.com.br\/#website","url":"https:\/\/www.amstedmaxion.com.br\/","name":"AmstedMaxion","description":"AmstedMaxion - Fundi\u00e7\u00e3o e Equipamentos Ferrovi\u00e1rios","publisher":{"@id":"https:\/\/www.amstedmaxion.com.br\/#organization"},"alternateName":"AmstedMaxion","potentialAction":[{"@type":"SearchAction","target":{"@type":"EntryPoint","urlTemplate":"https:\/\/www.amstedmaxion.com.br\/?s={search_term_string}"},"query-input":{"@type":"PropertyValueSpecification","valueRequired":true,"valueName":"search_term_string"}}],"inLanguage":"en-US"},{"@type":"Organization","@id":"https:\/\/www.amstedmaxion.com.br\/#organization","name":"AMSTEDMAXION","url":"https:\/\/www.amstedmaxion.com.br\/","logo":{"@type":"ImageObject","inLanguage":"en-US","@id":"https:\/\/www.amstedmaxion.com.br\/#\/schema\/logo\/image\/","url":"https:\/\/www.amstedmaxion.com.br\/wp-content\/uploads\/2023\/11\/amsted.png","contentUrl":"https:\/\/www.amstedmaxion.com.br\/wp-content\/uploads\/2023\/11\/amsted.png","width":500,"height":500,"caption":"AMSTEDMAXION"},"image":{"@id":"https:\/\/www.amstedmaxion.com.br\/#\/schema\/logo\/image\/"},"sameAs":["https:\/\/www.facebook.com\/AmstedMaxion.Oficial","https:\/\/br.linkedin.com\/company\/amstedmaxion"]},{"@type":"Person","@id":"https:\/\/www.amstedmaxion.com.br\/#\/schema\/person\/140cb65f07d4e66dd5543c8a187bf436","name":"Rosane Storto","image":{"@type":"ImageObject","inLanguage":"en-US","@id":"https:\/\/www.amstedmaxion.com.br\/#\/schema\/person\/image\/","url":"https:\/\/secure.gravatar.com\/avatar\/0e3d021545bbe593cb0eb3ee740544fefa86d59762e63dec1dbe9480a34c98cd?s=96&d=mm&r=g","contentUrl":"https:\/\/secure.gravatar.com\/avatar\/0e3d021545bbe593cb0eb3ee740544fefa86d59762e63dec1dbe9480a34c98cd?s=96&d=mm&r=g","caption":"Rosane Storto"}}]}},"_links":{"self":[{"href":"https:\/\/www.amstedmaxion.com.br\/en\/wp-json\/wp\/v2\/posts\/9472","targetHints":{"allow":["GET"]}}],"collection":[{"href":"https:\/\/www.amstedmaxion.com.br\/en\/wp-json\/wp\/v2\/posts"}],"about":[{"href":"https:\/\/www.amstedmaxion.com.br\/en\/wp-json\/wp\/v2\/types\/post"}],"author":[{"embeddable":true,"href":"https:\/\/www.amstedmaxion.com.br\/en\/wp-json\/wp\/v2\/users\/5"}],"replies":[{"embeddable":true,"href":"https:\/\/www.amstedmaxion.com.br\/en\/wp-json\/wp\/v2\/comments?post=9472"}],"version-history":[{"count":1,"href":"https:\/\/www.amstedmaxion.com.br\/en\/wp-json\/wp\/v2\/posts\/9472\/revisions"}],"predecessor-version":[{"id":9473,"href":"https:\/\/www.amstedmaxion.com.br\/en\/wp-json\/wp\/v2\/posts\/9472\/revisions\/9473"}],"wp:featuredmedia":[{"embeddable":true,"href":"https:\/\/www.amstedmaxion.com.br\/en\/wp-json\/wp\/v2\/media\/4400"}],"wp:attachment":[{"href":"https:\/\/www.amstedmaxion.com.br\/en\/wp-json\/wp\/v2\/media?parent=9472"}],"wp:term":[{"taxonomy":"category","embeddable":true,"href":"https:\/\/www.amstedmaxion.com.br\/en\/wp-json\/wp\/v2\/categories?post=9472"},{"taxonomy":"post_tag","embeddable":true,"href":"https:\/\/www.amstedmaxion.com.br\/en\/wp-json\/wp\/v2\/tags?post=9472"}],"curies":[{"name":"wp","href":"https:\/\/api.w.org\/{rel}","templated":true}]}}